{"id":993,"date":"2020-04-07T10:30:46","date_gmt":"2020-04-07T13:30:46","guid":{"rendered":"https:\/\/nilofrantz.com.br\/site26\/blog\/?p=831"},"modified":"2020-10-01T17:09:11","modified_gmt":"2020-10-01T20:09:11","slug":"coronavirus-cuidados","status":"publish","type":"post","link":"https:\/\/nilofrantz.com.br\/site26\/blog\/2020\/04\/07\/coronavirus-cuidados\/","title":{"rendered":"Coronav\u00edrus: quais os cuidados necess\u00e1rios?"},"content":{"rendered":"\n<p>O&nbsp; Coronav\u00edrus ou <a href=\"https:\/\/portal.fiocruz.br\/pergunta\/por-que-doenca-causada-pelo-novo-virus-recebeu-o-nome-de-covid-19\">Covid-19<\/a>&nbsp; (Corona V\u00edrus Disease) &nbsp;\u00e9 uma nova doen\u00e7a respirat\u00f3ria que j\u00e1 atingiu todos os continentes do planeta, gerando uma<a href=\"https:\/\/guiadoestudante.abril.com.br\/estudo\/o-que-e-pandemia-definicao-historico-e-gravidade\/\"> pandemia<\/a> mundial. A doen\u00e7a, que come\u00e7ou no final de dezembro de 2019 na China, est\u00e1 exigindo grande esfor\u00e7o da popula\u00e7\u00e3o, como isolamento social e cuidados de higiene.<\/p>\n\n\n\n<p>&nbsp;Por esta raz\u00e3o, \u00e9 muito importante saber mais informa\u00e7\u00f5es sobre o coronav\u00edrus:&nbsp;<\/p>\n\n\n\n<ul class=\"wp-block-list\"><li>Como \u00e9 feito o cont\u00e1gio?&nbsp;<\/li><li>Quem s\u00e3o os mais atingidos?&nbsp;<\/li><li>Quais os impactos para as gestantes e mulheres em tratamento de reprodu\u00e7\u00e3o humana e quais os cuidados necess\u00e1rios para se proteger?<\/li><\/ul>\n\n\n\n<h2 class=\"wp-block-heading\" class=\"wp-block-heading\" id=\"entenda-o-que-e-coronavirus\"><strong>&nbsp;Entenda o que \u00e9 coronav\u00edrus<\/strong><\/h2>\n\n\n\n<p>&nbsp;O<a href=\"https:\/\/www.saude.sp.gov.br\/resources\/cve-centro-de-vigilancia-epidemiologica\/areas-de-vigilancia\/doencas-de-transmissao-respiratoria\/coronavirus.html\"> coronav\u00edrus <\/a>\u00e9 o nome de uma grande fam\u00edlia de v\u00edrus que tem uma estrutura em formato de coroa, conhecida desde 1960.&nbsp; Os coronav\u00edrus comuns causam infec\u00e7\u00f5es respirat\u00f3rias em seres humanos e em animais. Geralmente, s\u00e3o doen\u00e7as respirat\u00f3rias leves a moderadas, semelhantes a um resfriado comum.<\/p>\n\n\n\n<p>&nbsp;Entretanto, o novo coronav\u00edrus, descoberto em dezembro de 2019, \u00e9 uma nova cepa do v\u00edrus, que tem alto poder de cont\u00e1gio e causa a s\u00edndrome respirat\u00f3ria aguda grave, principalmente em pacientes idosos, pessoas com doen\u00e7as respirat\u00f3rias ou que diminuem a imunidade.<\/p>\n\n\n\n<p>Segundo a Organiza\u00e7\u00e3o Pan-Americana da Sa\u00fade, 81% dos infectados pelo novo coronav\u00edrus t\u00eam sintomas leves da doen\u00e7a, como tosse e coriza, 14% apresentam sintomas graves, e 5% evoluem para um quadro cr\u00edtico, que pode levar \u00e0 morte.<\/p>\n\n\n\n<p>&nbsp;O per\u00edodo de incuba\u00e7\u00e3o do Covid-19 \u00e9 de 1 a 14 dias, geralmente ficando em torno de 5 dias.<\/p>\n\n\n\n<p>Veja aqui os principais sintomas do coronav\u00edrus:<\/p>\n\n\n\n<figure class=\"wp-block-image\"><img decoding=\"async\" src=\"https:\/\/lh6.googleusercontent.com\/MbayVinQyeR01NXPqvra5NjRLOKJwStt1yaqCcwqe2e07OBO-1Vs-lPGF0b28fwDwSzRfp5AzsinjFxPO2pW1HuL-FeGdNmxRjKX2jSu8zCg0WnMu17RBB23E5C-vN-x2PL6HKsW\" alt=\"Quais s\u00e3o os principais sintomas do coronav\u00edrus\"\/><\/figure>\n\n\n\n<p> (peguei este modelo de ilustra\u00e7\u00e3o que achei bacana.. Pod\u00edamos fazer algo parecido com febre, tosse, dificuldade de respirar e&nbsp; acrescentando ainda a coriza e dor de garganta.)<\/p>\n\n\n\n<h2 class=\"wp-block-heading\" class=\"wp-block-heading\" id=\"coronavirus-o-que-voce-precisa-saber\"><strong>Coronav\u00edrus: o que voc\u00ea precisa saber?&nbsp;<\/strong><\/h2>\n\n\n\n<p>Diante de uma epidemia mundial como esta, as informa\u00e7\u00f5es sobre o novo coronav\u00edrus mudam muito rapidamente. Nesse sentido, em apenas tr\u00eas meses, o n\u00famero de casos aumentou significativamente em todo o mundo e, no final de mar\u00e7o de 2020, j\u00e1 tinham mais de 505 mil casos de cont\u00e1gio em 175 pa\u00edses, com mais de 24 mil mortes.&nbsp;<\/p>\n\n\n\n<p>Os primeiros pa\u00edses mais atingidos s\u00e3o China, It\u00e1lia, Espanha, Ir\u00e3, Fran\u00e7a e EUA. O primeiro caso no Brasil foi notificado no dia 26 de fevereiro de 2020 e, em apenas um m\u00eas, o pa\u00eds j\u00e1 contabilizou mais de 3 mil casos infectados com 80 mortes. A maior concentra\u00e7\u00e3o est\u00e1 nos estados de S\u00e3o Paulo e Rio de Janeiro.&nbsp;&nbsp;&nbsp;&nbsp;<\/p>\n\n\n\n<h2 class=\"wp-block-heading\" class=\"wp-block-heading\" id=\"como-surgiu-o-coronavirus\"><strong>Como surgiu o coronav\u00edrus?<\/strong><\/h2>\n\n\n\n<p>Em 31 de dezembro de 2019, a <a href=\"https:\/\/pt.wikipedia.org\/wiki\/Organiza%C3%A7%C3%A3o_Mundial_da_Sa%C3%BAde\">Organiza\u00e7\u00e3o Mundial da Sa\u00fade<\/a> (OMS) foi alertada sobre v\u00e1rios casos de pneumonia na cidade de Wuhan, prov\u00edncia de Hubei, na China.<\/p>\n\n\n\n<p>Em 7 de janeiro, as autoridades chinesas confirmaram que a causa seria um novo tipo de v\u00edrus, de uma fam\u00edlia denominada de coronav\u00edrus. No Brasil, j\u00e1 existem alguns v\u00edrus desta fam\u00edlia capazes de causar um resfriado comum, mas tamb\u00e9m v\u00edrus como <a href=\"https:\/\/www.msdmanuals.com\/pt-br\/casa\/infec%C3%A7%C3%B5es\/v%C3%ADrus-respirat%C3%B3rios\/coronav%C3%ADrus-e-s%C3%ADndromes-respirat%C3%B3rias-agudas-covid-19,-mers-e-sars\">SARS e MERS<\/a>, respons\u00e1veis por epidemias com grande n\u00famero de mortes em 2004 e 2012.<\/p>\n\n\n\n<p>Al\u00e9m disso, acredita-se que o novo v\u00edrus, o Covid-19 tenha sido transmitido para os seres humanos atrav\u00e9s dos morcegos.<\/p>\n\n\n\n<figure class=\"wp-block-image\"><img decoding=\"async\" src=\"https:\/\/lh3.googleusercontent.com\/gXg6Qn58uzonOK_Qp159_DNyGWA45kwD3o5sm-6Lfvb9d4r7TH6lY7s4nj5P1NZNMxg9L6GY46jMghrGud31dbGTzPsH617rV3OyiZ83iDWgkwfIB_E8V-IJcj6rrdnxa9DgO9Fd\" alt=\"Como ocorre a transmiss\u00e3o do coronav\u00edrus\"\/><\/figure>\n\n\n\n<h2 class=\"wp-block-heading\" class=\"wp-block-heading\" id=\"e-possivel-ser-infectado-mais-de-uma-vez\"><strong>\u00c9 poss\u00edvel ser infectado mais de uma vez?<\/strong><\/h2>\n\n\n\n<p>Os cientistas ainda n\u00e3o sabem concretamente se uma pessoa pode ser infectada mais de uma vez pelo coronav\u00edrus. No entanto, h\u00e1 <a href=\"https:\/\/g1.globo.com\/ciencia-e-saude\/noticia\/2020\/02\/27\/mulher-pega-coronavirus-pela-2a-vez-no-japao.ghtml\">not\u00edcia de uma mulher no Jap\u00e3o que se<strong> <\/strong>contaminou novamente <\/a>quase um m\u00eas ap\u00f3s ter recebido alta do hospital. Outro caso ocorreu na It\u00e1lia<strong>,<\/strong> onde o primeiro paciente de coronav\u00edrus da cidade de Turim voltou a ter diagn\u00f3stico positivo depois de ter sido liberado pelos m\u00e9dicos. Al\u00e9m disso, infec\u00e7\u00f5es reincidentes tamb\u00e9m foram relatadas na China, onde a doen\u00e7a come\u00e7ou.<\/p>\n\n\n\n<h2 class=\"wp-block-heading\" class=\"wp-block-heading\" id=\"o-coronavirus-tem-cura\"><strong>&nbsp;O coronav\u00edrus tem cura?<\/strong><\/h2>\n\n\n\n<p>Segundo a Organiza\u00e7\u00e3o Mundial da Sa\u00fade (OMS), ainda n\u00e3o h\u00e1 cura ou vacina para o novo coronav\u00edrus. Entretanto, m\u00e9dicos infectologistas dizem que existe a chamada &#8220;cura espont\u00e2nea&#8221;, que ocorre quando o corpo reage \u00e0 infec\u00e7\u00e3o. Al\u00e9m disso, cientistas do mundo inteiro est\u00e3o estudando rem\u00e9dios para amenizar os sintomas do v\u00edrus e tentando descobrir, o quanto antes, uma vacina para a Covid-19.<\/p>\n\n\n\n<h2 class=\"wp-block-heading\" class=\"wp-block-heading\" id=\"impactos-do-virus-em-gestantes-e-nos-tratamentos-de-gravidez\"><strong>Impactos do v\u00edrus em gestantes e nos tratamentos de gravidez<\/strong><\/h2>\n\n\n\n<p>A pandemia do coronav\u00edrus est\u00e1 gerando preocupa\u00e7\u00e3o tamb\u00e9m entre as gestantes e as pacientes de reprodu\u00e7\u00e3o assistida. As perguntas mais freq\u00fcentes, por sua vez, s\u00e3o:&nbsp;<\/p>\n\n\n\n<ul class=\"wp-block-list\"><li>Quais as poss\u00edveis conseq\u00fc\u00eancias que esta doen\u00e7a pode causar nas mulheres gr\u00e1vidas, nos tratamentos para engravidar e nos futuros beb\u00eas?<\/li><\/ul>\n\n\n\n<p>Segundo o \u00faltimo comunicado da<a href=\"https:\/\/sbra.com.br\/noticias\/reproducao-assistida-e-covid-19-nota-conjunta-sbra-e-redlara\/\"> Sociedade Brasileira de Reprodu\u00e7\u00e3o Assistida<\/a> (SBRA), que traz ainda dados das sociedades europeia (ESHRE), americana (ASRM) e latinoamericana (REDLARA), n\u00e3o h\u00e1 evid\u00eancias de complica\u00e7\u00f5es em gestantes ou em pacientes de reprodu\u00e7\u00e3o assistida.<\/p>\n\n\n\n<p>De acordo com o relat\u00f3rio, as gestantes, apesar de precisarem se cuidar, n\u00e3o fazem parte do grupo de maior risco. Nesse sentido, os dados demonstram que o comportamento da Covid-19 \u00e9 diferente da H1N1, quando gestantes e beb\u00eas foram muito atingidos. No caso do coronav\u00edrus, as gr\u00e1vidas saud\u00e1veis que eventualmente forem infectadas, provavelmente ter\u00e3o apenas sintomas de uma gripe simples.<\/p>\n\n\n\n<p>Em rela\u00e7\u00e3o aos tratamentos de reprodu\u00e7\u00e3o assistida, tamb\u00e9m n\u00e3o foram identificados v\u00edrus em \u00f3vulos, espermatoz\u00f3ides e l\u00edquido folicular. Desta maneira, as evid\u00eancias at\u00e9 o momento sugerem seguir com os tratamentos, adiando apenas a fase da transfer\u00eancia, caso a paciente se sinta mais confort\u00e1vel. Para isso \u00e9 poss\u00edvel recorrer ao congelamento de \u00f3vulos e embri\u00f5es que posteriormente ser\u00e3o transferidos com maior seguran\u00e7a ao \u00fatero.<\/p>\n\n\n\n<h2 class=\"wp-block-heading\" class=\"wp-block-heading\" id=\"coronavirus-ha-risco-de-passar-a-doenca-para-o-feto\"><strong>Coronav\u00edrus: h\u00e1 risco de passar a doen\u00e7a para o feto?<\/strong><\/h2>\n\n\n\n<p>Estudos relatam casos de <a href=\"https:\/\/g1.globo.com\/bemestar\/coronavirus\/noticia\/2020\/02\/27\/coronavirus-veja-perguntas-e-respostas.ghtml\">m\u00e3es gr\u00e1vidas<\/a> que pegaram o novo coronav\u00edrus em Wuhan, na China, e n\u00e3o passaram a doen\u00e7a para os beb\u00eas.<\/p>\n\n\n\n<p>De acordo com um dos artigos, da revista &#8220;Frontiers in Pediatrics&#8221;, nenhum dos beb\u00eas, filhos de m\u00e3es que foram infectadas com o v\u00edrus, desenvolveu os sintomas da Covid-19.<\/p>\n\n\n\n<p>O Centro de Controle e Preven\u00e7\u00e3o de Doen\u00e7as da ag\u00eancia do Departamento de Sa\u00fade e Servi\u00e7os Humanos dos Estados Unidos afirma tamb\u00e9m que n\u00e3o h\u00e1 informa\u00e7\u00f5es suficientes sobre a possibilidade desta transmiss\u00e3o, e que n\u00e3o h\u00e1 caso de beb\u00eas infectados com o novo coronav\u00edrus.<\/p>\n\n\n\n<h3 class=\"wp-block-heading\" class=\"wp-block-heading\" id=\"mulheres-com-suspeita-de-coronavirus-podem-amamentar\">Mulheres com suspeita de coronav\u00edrus podem amamentar?<\/h3>\n\n\n\n<p>De acordo com o Centro de Controle e Preven\u00e7\u00e3o de Doen\u00e7as dos Estados Unidos (CDC), n\u00e3o h\u00e1 informa\u00e7\u00f5es suficientes sobre a possibilidade desta transmiss\u00e3o. Nos casos analisados, o coronav\u00edrus n\u00e3o foi detectado no leite materno.<\/p>\n\n\n\n<h2 class=\"wp-block-heading\" class=\"wp-block-heading\" id=\"coronavirus-confira-as-5-principais-maneiras-de-se-prevenir\"><strong>Coronav\u00edrus: confira as 5 principais maneiras de se prevenir<\/strong><\/h2>\n\n\n\n<p>Como vimos aqui, ainda n\u00e3o h\u00e1 medicamentos e nem vacina para conter o novo coronav\u00edrus. Desta forma, governos do mundo inteiro, seguindo as orienta\u00e7\u00f5es da&nbsp; Organiza\u00e7\u00e3o Mundial da Sa\u00fade, est\u00e3o orientando a popula\u00e7\u00e3o global com alguns cuidados para se proteger da Covid-19.<\/p>\n\n\n\n<p>Nesse sentido, uma das principais maneiras ainda \u00e9 higienizar bem as m\u00e3os com \u00e1gua e sab\u00e3o ou com \u00e1lcool gel 70%. Sabe-se que o v\u00edrus possui uma c\u00e1psula de gordura protetora, e a limpeza com estes produtos retiram essa c\u00e1psula, matando o v\u00edrus.<\/p>\n\n\n\n<figure class=\"wp-block-image\"><img decoding=\"async\" src=\"https:\/\/lh5.googleusercontent.com\/9fEpYNvhLigj6hFHWmff1tLTnIB-WPt_MtoXZx-j0p8NHD5XfYGTCSgo9kSt_XwtqH_iqgRXmX2KGGomiOCPxBZApA-1lyp80xdMQNCmcLyeMRZPPMpofnNIA-Cfrwr4taS2lzU6\" alt=\"Principais maneiras de se prevenir do coronav\u00edrus\"\/><\/figure>\n\n\n\n<p> Em meio \u00e0 pandemia do Coronav\u00edrus, o isolamento social se mostrou a ferramenta mais eficaz para o combate \u00e0 transmiss\u00e3o dessa doen\u00e7a.<\/p>\n\n\n\n<p>Mas sem a possibilidade de sair de casa por tempo indeterminado como ficam as pessoas que optaram por um tratamento de Reprodu\u00e7\u00e3o Assistida?<\/p>\n\n\n\n<p>\u00c9 importante entender que o processo de cada tratamento exige um tempo de prepara\u00e7\u00e3o antes do in\u00edcio da estimula\u00e7\u00e3o ovariana, e que essa prepara\u00e7\u00e3o pode ser feita mesmo no isolamento, com o acompanhamento de especialistas, para que, quando esse per\u00edodo passar, voc\u00ea possa iniciar o seu tratamento conosco o mais r\u00e1pido poss\u00edvel.<\/p>\n\n\n\n<p>Pensando nisso, nossa equipe de especialistas desenvolveu um guia com dicas de como utilizar esse tempo na prepara\u00e7\u00e3o para o seu tratamento de Reprodu\u00e7\u00e3o Assistida.<\/p>\n\n\n\n<p>Para baixar, \u00e9 s\u00f3 clicar na imagem:<\/p>\n\n\n\n<figure class=\"wp-block-image size-large\"><a href=\"https:\/\/conteudo.nilofrantz.com.br\/guianf\"><img decoding=\"async\" src=\"https:\/\/nilofrantz.com.br\/site26\/previa\/wp-content\/uploads\/2020\/04\/fundo-ms-2-1-1024x507.png\" alt=\"Fa\u00e7a download do nosso guia de tratamentos para reprodu\u00e7\u00e3o assistida\" class=\"wp-image-849\"\/><\/a><\/figure>\n","protected":false},"excerpt":{"rendered":"<p>O&nbsp; Coronav\u00edrus ou Covid-19&nbsp; (Corona V\u00edrus Disease) &nbsp;\u00e9 uma nova doen\u00e7a respirat\u00f3ria que j\u00e1 atingiu todos os continentes do planeta, gerando uma pandemia mundial. A doen\u00e7a, que come\u00e7ou no final de dezembro de 2019 na China, est\u00e1 exigindo grande esfor\u00e7o da popula\u00e7\u00e3o, como isolamento social e cuidados de higiene. &nbsp;Por esta raz\u00e3o, \u00e9 muito importante [&hellip;]<\/p>\n","protected":false},"author":12,"featured_media":7944,"comment_status":"open","ping_status":"open","sticky":false,"template":"","format":"standard","meta":{"_acf_changed":false,"footnotes":""},"categories":[18],"tags":[177,178],"class_list":["post-993","post","type-post","status-publish","format-standard","has-post-thumbnail","hentry","category-duvidas","tag-coronavirus-como-se-prevenir","tag-coronavirus-transmissao"],"acf":[],"_links":{"self":[{"href":"https:\/\/nilofrantz.com.br\/site26\/wp-json\/wp\/v2\/posts\/993","targetHints":{"allow":["GET"]}}],"collection":[{"href":"https:\/\/nilofrantz.com.br\/site26\/wp-json\/wp\/v2\/posts"}],"about":[{"href":"https:\/\/nilofrantz.com.br\/site26\/wp-json\/wp\/v2\/types\/post"}],"author":[{"embeddable":true,"href":"https:\/\/nilofrantz.com.br\/site26\/wp-json\/wp\/v2\/users\/12"}],"replies":[{"embeddable":true,"href":"https:\/\/nilofrantz.com.br\/site26\/wp-json\/wp\/v2\/comments?post=993"}],"version-history":[{"count":0,"href":"https:\/\/nilofrantz.com.br\/site26\/wp-json\/wp\/v2\/posts\/993\/revisions"}],"wp:featuredmedia":[{"embeddable":true,"href":"https:\/\/nilofrantz.com.br\/site26\/wp-json\/wp\/v2\/media\/7944"}],"wp:attachment":[{"href":"https:\/\/nilofrantz.com.br\/site26\/wp-json\/wp\/v2\/media?parent=993"}],"wp:term":[{"taxonomy":"category","embeddable":true,"href":"https:\/\/nilofrantz.com.br\/site26\/wp-json\/wp\/v2\/categories?post=993"},{"taxonomy":"post_tag","embeddable":true,"href":"https:\/\/nilofrantz.com.br\/site26\/wp-json\/wp\/v2\/tags?post=993"}],"curies":[{"name":"wp","href":"https:\/\/api.w.org\/{rel}","templated":true}]}}