{"id":9877,"date":"2023-05-10T08:05:00","date_gmt":"2023-05-10T11:05:00","guid":{"rendered":"https:\/\/nilofrantz.com.br\/site26\/?p=9877"},"modified":"2023-05-09T17:49:43","modified_gmt":"2023-05-09T20:49:43","slug":"alteracoes-geneticas","status":"publish","type":"post","link":"https:\/\/nilofrantz.com.br\/site26\/blog\/2023\/05\/10\/alteracoes-geneticas\/","title":{"rendered":"Altera\u00e7\u00f5es Gen\u00e9ticas e Fertiliza\u00e7\u00e3o In Vitro: qual a rela\u00e7\u00e3o?"},"content":{"rendered":"\n<p>Voc\u00ea j\u00e1 ouviu falar em altera\u00e7\u00f5es gen\u00e9ticas? Sabe a import\u00e2ncia deste tema para quem est\u00e1 planejando uma gravidez?&nbsp;<\/p>\n\n\n\n<p>Essas altera\u00e7\u00f5es afetam o DNA e podem causar diferentes <a href=\"https:\/\/nilofrantz.com.br\/site26\/doencas-geneticas\/\">doen\u00e7as gen\u00e9ticas<\/a> heredit\u00e1rias, que acabam passadas de pais para filhos.<\/p>\n\n\n\n<p>Mas afinal, o que s\u00e3o altera\u00e7\u00f5es gen\u00e9ticas? Que doen\u00e7as elas causam? Como s\u00e3o feitos os diagn\u00f3sticos? \u00c9 poss\u00edvel evitar que essas altera\u00e7\u00f5es gen\u00e9ticas sejam passadas aos descendentes? Para saber as respostas das perguntas e muito mais, leia o texto abaixo.<\/p>\n\n\n\n<h2 class=\"wp-block-heading\" class=\"wp-block-heading\" id=\"o-que-sao-alteracoes-geneticas\">O que s\u00e3o altera\u00e7\u00f5es gen\u00e9ticas?&nbsp;<\/h2>\n\n\n\n<p>As altera\u00e7\u00f5es gen\u00e9ticas s\u00e3o muta\u00e7\u00f5es que ocorrem tanto nos genes como nos cromossomos, elementos que carregam a heran\u00e7a gen\u00e9tica dos seres humanos.<\/p>\n\n\n\n<p>\u00c9 importante lembrar que a nossa informa\u00e7\u00e3o gen\u00e9tica \u00e9 determinada desde o momento em que ocorre a <a href=\"https:\/\/nilofrantz.com.br\/site26\/fecundacao-humana-entenda-o-processo\/\">fecunda\u00e7\u00e3o<\/a>. Assim, a partir da uni\u00e3o do \u00f3vulo com o espermatozoide \u00e9 formado o <a href=\"https:\/\/brasilescola.uol.com.br\/o-que-e\/biologia\/o-que-e-zigoto.htm\">zigoto<\/a>, que cont\u00e9m nosso <a href=\"https:\/\/nilofrantz.com.br\/site26\/dna-caracteristicas-e-funcoes\/\">DNA<\/a> com 23 cromossomos herdados da m\u00e3e e 23 do pai.&nbsp;<\/p>\n\n\n\n<p>Desta forma, essas altera\u00e7\u00f5es podem ser respons\u00e1veis pela transmiss\u00e3o de s\u00edndromes ou <a href=\"https:\/\/nilofrantz.com.br\/site26\/doencas-geneticas\/\">doen\u00e7as gen\u00e9ticas <\/a>dos pais aos filhos. Isto ocorre, pois, quando herdamos o <a href=\"https:\/\/nilofrantz.com.br\/site26\/aconselhamento-genetico\/\">material gen\u00e9tico<\/a>, podemos receber genes com muta\u00e7\u00f5es, o que aumenta as chances de doen\u00e7as gen\u00e9ticas se manifestarem.<\/p>\n\n\n\n<p>Para entender melhor este assunto, \u00e9 importante esclarecer primeiro o que s\u00e3o os genes e cromossomos:<\/p>\n\n\n\n<h3 class=\"wp-block-heading\" class=\"wp-block-heading\" id=\"gene\">Gene<\/h3>\n\n\n\n<p>Os genes s\u00e3o fragmentos do DNA, ou seja, unidades de informa\u00e7\u00e3o heredit\u00e1ria que se encontram nos cromossomos.&nbsp;<\/p>\n\n\n\n<p>Desta forma, eles s\u00e3o os respons\u00e1veis por determinar as caracter\u00edsticas particulares de cada indiv\u00edduo que s\u00e3o passadas geneticamente dos pais aos seus descendentes.<\/p>\n\n\n\n<h3 class=\"wp-block-heading\" class=\"wp-block-heading\" id=\"cromossomos\">Cromossomos:&nbsp;<\/h3>\n\n\n\n<p>Os cromossomos s\u00e3o mol\u00e9culas de DNA compactado e \u00e9 a forma de armazenamento do material gen\u00e9tico no interior da c\u00e9lula. O ser humano possui 46 cromossomos: 23 recebidos da m\u00e3e e 23 do pai, sendo que cada cromossomo \u00e9 composto de in\u00fameros genes.<\/p>\n\n\n\n<p>dos 23 pares de cromossomos, 22 s\u00e3o <a href=\"https:\/\/siteantigo.portaleducacao.com.br\/conteudo\/artigos\/biologia\/cromossomos-autossomos-x-cromossomos-sexuais\/17892\">autoss\u00f4micos <\/a>e um par \u00e9 sexual o que determina o sexo do beb\u00ea. Assim, os meninos apresentam os cromossomos sexuais XY, e as meninas, t\u00eam XX.<\/p>\n\n\n\n<figure class=\"wp-block-image aligncenter size-full\"><img fetchpriority=\"high\" decoding=\"async\" width=\"400\" height=\"296\" src=\"https:\/\/nilofrantz.com.br\/site26\/wp-content\/uploads\/2023\/05\/image.png\" alt=\"\" class=\"wp-image-9878\" srcset=\"https:\/\/nilofrantz.com.br\/site26\/wp-content\/uploads\/2023\/05\/image.png 400w, https:\/\/nilofrantz.com.br\/site26\/wp-content\/uploads\/2023\/05\/image-300x222.png 300w\" sizes=\"(max-width: 400px) 100vw, 400px\" \/><figcaption class=\"wp-element-caption\">Imagem: Mundo Educa\u00e7\u00e3o<\/figcaption><\/figure>\n\n\n\n<h2 class=\"wp-block-heading\" class=\"wp-block-heading\" id=\"o-que-causa-alteracoes-geneticas\">O que causa altera\u00e7\u00f5es gen\u00e9ticas?<\/h2>\n\n\n\n<p>N\u00e3o existe uma explica\u00e7\u00e3o definitiva sobre o que causa as altera\u00e7\u00f5es gen\u00e9ticas, embora acredite-se que a maioria apare\u00e7a de forma espont\u00e2nea. No entanto, sabe-se que algumas subst\u00e2ncias e agentes ambientais podem alterar os genes e causar doen\u00e7as gen\u00e9ticas.&nbsp;<\/p>\n\n\n\n<p>Neste contexto, \u00e9 importante esclarecer que nem todas as doen\u00e7as gen\u00e9ticas s\u00e3o heredit\u00e1rias, embora todas as s\u00edndromes heredit\u00e1rias sejam gen\u00e9ticas.&nbsp;<\/p>\n\n\n\n<p>Desta maneira, algumas dessas doen\u00e7as est\u00e3o relacionadas a fatores individuais, ambientais, ao uso de medica\u00e7\u00e3o e ao estilo de vida. O c\u00e2ncer \u00e9 um exemplo.&nbsp;<\/p>\n\n\n\n<p>Nesse sentido, subst\u00e2ncias encontradas no cigarro ou nos raios solares, por exemplo, podem interferir na divis\u00e3o celular causando o c\u00e2ncer de pulm\u00e3o ou de pele, respectivamente. Entretanto, essas altera\u00e7\u00f5es no material gen\u00e9tico t\u00eam menos chances de serem transmitidas aos descendentes.<\/p>\n\n\n\n<p>Al\u00e9m disso, outras doen\u00e7as podem ter origem em uma predisposi\u00e7\u00e3o gen\u00e9tica e\/ou altera\u00e7\u00f5es hormonais. Desta forma, as causas das altera\u00e7\u00f5es gen\u00e9ticas s\u00e3o variadas.&nbsp;<\/p>\n\n\n\n<h2 class=\"wp-block-heading\" class=\"wp-block-heading\" id=\"que-doencas-sao-causadas-por-alteracoes-geneticas\">Que doen\u00e7as s\u00e3o causadas por altera\u00e7\u00f5es gen\u00e9ticas?<\/h2>\n\n\n\n<p>Como vimos, as doen\u00e7as gen\u00e9ticas s\u00e3o causadas por defeitos no DNA, ou seja, muta\u00e7\u00f5es na informa\u00e7\u00e3o gen\u00e9tica que podem ser ou n\u00e3o heredit\u00e1rias. Nesse sentido, existem tr\u00eas tipos de doen\u00e7as gen\u00e9ticas: <strong>as monog\u00eanicas, as cromoss\u00f4micas e as multifatoriais<\/strong>.&nbsp;<\/p>\n\n\n\n<p>Veja as diferen\u00e7as entre elas:<\/p>\n\n\n\n<h3 class=\"wp-block-heading\" class=\"wp-block-heading\" id=\"monogenicas\">Monog\u00eanicas<\/h3>\n\n\n\n<p>Como o nome j\u00e1 diz, as doen\u00e7as monog\u00eanicas ocorrem quando a doen\u00e7a \u00e9 causada pela altera\u00e7\u00e3o em um \u00fanico gene espec\u00edfico. Ou seja, nesses casos existe altera\u00e7\u00e3o na sequ\u00eancia de DNA de uma \u00fanica variante gen\u00e9tica.&nbsp;<\/p>\n\n\n\n<p>As doen\u00e7as monog\u00eanicas podem ser dominantes, que se manifestam com apenas uma c\u00f3pia do gene mutado, ou recessivas, quando o gene com problema \u00e9 herdado da m\u00e3e e do pai.<\/p>\n\n\n\n<p>Veja as doen\u00e7as monog\u00eanicas mais comum:<\/p>\n\n\n\n<ul class=\"wp-block-list\">\n<li><a href=\"https:\/\/www.blog.saude.gov.br\/index.php\/promocao-da-saude\/53596-dia-nacional-de-luta-pelos-direitos-das-pessoas-com-doenca-falciforme\">Anemia falciforme<\/a>;<\/li>\n\n\n\n<li><a href=\"https:\/\/abraf.ong\/central-do-pulmao-tira-duvidas-sobre-fibrose-cistica-e-outras-doencas-respiratorias\/?gclid=Cj0KCQjw6cKiBhD5ARIsAKXUdyYjwjs2hYFYYcoTFsn_Q4gGP1tVre_t2k8Wr5lrP33NMzeqeVMcqnoaAts0EALw_wcB\">Fibrose c\u00edstica;<\/a><\/li>\n\n\n\n<li><a href=\"https:\/\/www.msdmanuals.com\/pt-br\/casa\/problemas-de-sa%C3%BAde-infantil\/distrofias-musculares-e-dist%C3%BArbios-relacionados\/distrofia-miot%C3%B4nica#:~:text=Distrofia%20miot%C3%B4nica%20%C3%A9%20uma%20distrofia,que%20pode%20causar%20rigidez%20muscular.\">Distrofia miot\u00f4nica;<\/a><\/li>\n\n\n\n<li><a href=\"https:\/\/pebmed.com.br\/sindrome-de-marfan-tudo-que-voce-precisa-saber\/\">S\u00edndrome de Marfan<\/a>;<\/li>\n\n\n\n<li><a href=\"https:\/\/abh.org.br\/o-que-e-doenca-de-huntington\/\">Doen\u00e7a de Huntington;<\/a><\/li>\n\n\n\n<li><a href=\"https:\/\/www.rededorsaoluiz.com.br\/doencas\/fenilcetonuria\">Fenilceton\u00faria<\/a>;<\/li>\n\n\n\n<li><a href=\"https:\/\/drauziovarella.uol.com.br\/doencas-e-sintomas\/distrofia-de-duchenne\/\">Distrofia muscular de Duchene;<\/a><\/li>\n\n\n\n<li><a href=\"https:\/\/www.ahfcolesterol.org\/prevencao-e-tratamento\/o-que-e-a-hipercolesterolemia-familiar-parte-1-3\/\">Hipercolesterolemia familiar;<\/a><\/li>\n\n\n\n<li><a href=\"https:\/\/www.abrasta.org.br\/o-que-e\/\">Talassemia;<\/a><\/li>\n\n\n\n<li><a href=\"https:\/\/www.msdmanuals.com\/pt-pt\/casa\/problemas-de-sa%C3%BAde-infantil\/dist%C3%BArbios-metab%C3%B3licos-heredit%C3%A1rios\/doen%C3%A7a-de-tay-sachs-e-doen%C3%A7a-de-sandhoff\">Doen\u00e7a de Tay-Sachs;<\/a><\/li>\n\n\n\n<li><a href=\"https:\/\/nilofrantz.com.br\/site26\/hemofilia\/\">Hemofilia;<\/a><\/li>\n\n\n\n<li><a href=\"https:\/\/drauziovarella.uol.com.br\/doencas-e-sintomas\/albinismo\/\">albinismo<\/a>;<\/li>\n\n\n\n<li><a href=\"https:\/\/brasilescola.uol.com.br\/biologia\/daltonismo.htm\">daltonismo<\/a>;<\/li>\n\n\n\n<li><a href=\"https:\/\/www.hospitalinfantilsabara.org.br\/sintomas-doencas-tratamentos\/acondroplasia-ou-nanismo\/\">acondroplasia<\/a>.<\/li>\n<\/ul>\n\n\n\n<h3 class=\"wp-block-heading\" class=\"wp-block-heading\" id=\"cromossomicas\">Cromoss\u00f4micas<\/h3>\n\n\n\n<p>As doen\u00e7as cromoss\u00f4micas acontecem quando o cromossomo sofre modifica\u00e7\u00f5es de estrutura ou n\u00famero. Nesse sentido, nas anomalias num\u00e9ricas podem ocorrer c\u00f3pias extras de um cromossomo, ou faltar algum cromossomo.<\/p>\n\n\n\n<p>J\u00e1 as anomalias estruturais se d\u00e3o quando parte de um cromossomo se une a outro (transloca\u00e7\u00e3o), \u00e9 perdida (dele\u00e7\u00e3o), \u00e9 invertida ou \u00e9 duplicada.<\/p>\n\n\n\n<p>Conhe\u00e7a algumas doen\u00e7as cromoss\u00f4micas:<\/p>\n\n\n\n<ul class=\"wp-block-list\">\n<li><a href=\"https:\/\/drauziovarella.uol.com.br\/doencas-e-sintomas\/sindrome-de-down\/\">S\u00edndrome de Down (trissomia 21)<\/a>;<\/li>\n\n\n\n<li><a href=\"https:\/\/www.rededorsaoluiz.com.br\/doencas\/sindrome-de-edwards\">S\u00edndrome Edwards (trissomia 18)<\/a>;<\/li>\n\n\n\n<li><a href=\"https:\/\/www.diagnosticosdobrasil.com.br\/artigo\/sindrome-de-patau\">S\u00edndrome de Patau (trissomia 13)<\/a>;<\/li>\n\n\n\n<li><a href=\"https:\/\/drauziovarella.uol.com.br\/doencas-e-sintomas\/sindrome-do-x-fragil\/\">S\u00edndrome do X Fr\u00e1gil;<\/a><\/li>\n\n\n\n<li><a href=\"https:\/\/www.msdmanuals.com\/pt-br\/casa\/problemas-de-sa%C3%BAde-infantil\/anomalias-cromoss%C3%B4micas-e-gen%C3%A9ticas\/trissomia-do-x\">S\u00edndrome do triplo X<\/a>;<\/li>\n\n\n\n<li><a href=\"https:\/\/nace.igenomix.com.br\/sindrome-xyy-47-xyy\/\">S\u00edndrome do XYY<\/a>;<\/li>\n\n\n\n<li><a href=\"https:\/\/www.ghente.org\/ciencia\/genetica\/klinefelter.htm\">S\u00edndrome de Klinefelter<\/a>;<\/li>\n\n\n\n<li><a href=\"https:\/\/pt.wikipedia.org\/wiki\/S%C3%ADndrome_de_Turner\">S\u00edndrome de Turner<\/a>;<\/li>\n\n\n\n<li><a href=\"https:\/\/jornal.usp.br\/atualidades\/sindrome-de-cri-du-chat-deve-ser-investigada-nas-primeiras-horas-de-vida\/#:~:text=A%20s%C3%ADndrome%20de%20cri%2Ddu,resulta%20em%20uma%20anomalia%20gen%C3%A9tica.&amp;text=Conhecida%20como%20%E2%80%9Cmiado%20de%20gato,som%20do%20choro%20do%20beb%C3%AA.\">S\u00edndrome de Cri-du-chat<\/a>;<\/li>\n\n\n\n<li><a href=\"https:\/\/muitossomosraros.com.br\/doencas-raras\/geneticas\/anomalias-congenitas-ou-de-manifestacao-tardia\/sindrome-de-wolf-hirschhorn\/\">S\u00edndrome de Wolf-Hirschhorn<\/a>;<\/li>\n\n\n\n<li><a href=\"https:\/\/www.msdmanuals.com\/pt-br\/casa\/problemas-de-sa%C3%BAde-infantil\/anomalias-cromoss%C3%B4micas-e-gen%C3%A9ticas\/s%C3%ADndrome-de-prader-willi\">S\u00edndrome de Prader-Willi<\/a>.<\/li>\n<\/ul>\n\n\n\n<h3 class=\"wp-block-heading\" class=\"wp-block-heading\" id=\"multifatoriais-poligenicas\">Multifatoriais\/polig\u00eanicas<\/h3>\n\n\n\n<p>As doen\u00e7as gen\u00e9ticas multifatoriais, tamb\u00e9m chamadas polig\u00eanicas, s\u00e3o causadas por muta\u00e7\u00f5es de v\u00e1rios genes combinados a fatores ambientais. Sendo assim, pode-se dizer que os h\u00e1bitos de vida contribuem para o aparecimento destas doen\u00e7as.&nbsp;<\/p>\n\n\n\n<p>Nesse sentido, um exemplo s\u00e3o doen\u00e7as card\u00edacas que podem acometer pacientes com predisposi\u00e7\u00e3o gen\u00e9tica, que fumam e s\u00e3o sedent\u00e1rios.<\/p>\n\n\n\n<p>Veja outras doen\u00e7as gen\u00e9ticas multifatoriais existentes:<\/p>\n\n\n\n<ul class=\"wp-block-list\">\n<li><a href=\"https:\/\/brasilescola.uol.com.br\/doencas\/hipertensao.htm\">Hipertens\u00e3o;<\/a><\/li>\n\n\n\n<li><a href=\"https:\/\/www.rededorsaoluiz.com.br\/doencas\/alzheimer\">Mal de Alzheimer<\/a>;<\/li>\n\n\n\n<li><a href=\"https:\/\/abraf.ong\/asma-grave\/recem-diagnosticado\/?gclid=Cj0KCQjw6cKiBhD5ARIsAKXUdyaaT3v7FOBGXoASf_qjBEnw_IgIbVki494Yc68MeDee0a5y8SC9grsaAhwzEALw_wcB\">Asma<\/a>;<\/li>\n\n\n\n<li><a href=\"https:\/\/pt.wikipedia.org\/wiki\/Doen%C3%A7a_autoimune\">Doen\u00e7as autoimunes<\/a>;<\/li>\n\n\n\n<li><a href=\"https:\/\/www.msdmanuals.com\/pt-br\/casa\/dist%C3%BArbios-de-sa%C3%BAde-mental\/considera%C3%A7%C3%B5es-gerais-sobre-cuidados-com-a-sa%C3%BAde-mental\/considera%C3%A7%C3%B5es-gerais-sobre-a-doen%C3%A7a-mental\">Doen\u00e7as mentais<\/a>;<\/li>\n\n\n\n<li><a href=\"https:\/\/www.gov.br\/inca\/pt-br\/assuntos\/cancer\/o-que-e-cancer\">C\u00e2ncer<\/a>;<\/li>\n\n\n\n<li><a href=\"https:\/\/nilofrantz.com.br\/site26\/entenda-como-funciona-o-diagnostico-da-investigacao-de-infertilidade-na-nilo-frantz\/\">Infertilidade<\/a>;<\/li>\n\n\n\n<li><a href=\"https:\/\/diabetes.org.br\/tipos-de-diabetes\/?gclid=Cj0KCQjw6cKiBhD5ARIsAKXUdyZBDFkFI5w91BYatm_msEYnzq67FHdmZAtcJvF0xzw-77rAGndhMmcaAmFjEALw_wcB\">Diabetes<\/a>;<\/li>\n\n\n\n<li><a href=\"https:\/\/drauziovarella.uol.com.br\/videos\/desenrola\/voce-sabe-o-que-sao-as-diis-doencas-inflamatorias-intestinais\/\">Doen\u00e7a inflamat\u00f3ria intestinal;<\/a><\/li>\n\n\n\n<li><a href=\"https:\/\/www.endocrino.org.br\/o-que-e-obesidade\/\">Obesidade<\/a>;<\/li>\n\n\n\n<li><a href=\"https:\/\/oftalmo.com.br\/voce-sabe-o-que-sao-ametropias\/\">Ametropia<\/a>;<\/li>\n\n\n\n<li><a href=\"https:\/\/blog.conforpes.com.br\/dr-responde\/o-que-e-malformacao-congenita\/\">Malforma\u00e7\u00f5es cong\u00eanitas<\/a>.<\/li>\n<\/ul>\n\n\n\n<h2 class=\"wp-block-heading\" class=\"wp-block-heading\" id=\"como-funciona-o-diagnostico-de-alteracoes-geneticas\">Como funciona o diagn\u00f3stico de altera\u00e7\u00f5es gen\u00e9ticas?<\/h2>\n\n\n\n<p>Como vimos, existem 3 tipos de doen\u00e7as gen\u00e9ticas, e assim, os diagn\u00f3sticos s\u00e3o feitos de diferentes formas.&nbsp;<\/p>\n\n\n\n<p>Assim, \u00e9 poss\u00edvel verificar algumas doen\u00e7as ainda durante a gravidez, com <a href=\"https:\/\/nilofrantz.com.br\/site26\/exames-gestacionais\/\">exames gestacionais<\/a>. Eles podem ser n\u00e3o invasivos, como o <a href=\"https:\/\/www.fleurygenomica.com.br\/blog\/noticias\/nipt-o-que-e\">NIPT<\/a>, ou invasivos, como a <a href=\"https:\/\/www.fetalmed.net\/o-que-e-amniocentese\/\">Amniocentese, <\/a>feito a partir da coleta do l\u00edquido amni\u00f3tico da placenta da gestante.&nbsp;<\/p>\n\n\n\n<p>Al\u00e9m disso, outros diagn\u00f3sticos s\u00e3o feitos ap\u00f3s o nascimento do beb\u00ea, atrav\u00e9s do <a href=\"https:\/\/semprebem.paguemenos.com.br\/posts\/saude\/conheca-a-evolucao-genetica-do-teste-do-pezinho?gclid=Cj0KCQjw6cKiBhD5ARIsAKXUdybGnYfInvTdtFpyTb0LwTwBiJaTE4e3sO2q7G0fFjWnfWSKEAsng48aAuZjEALw_wcB\">Teste do Pezinho,<\/a> ou durante a primeira inf\u00e2ncia, como a <a href=\"https:\/\/pt.wikipedia.org\/wiki\/S%C3%ADndrome_de_Patau\">S\u00edndrome de Patau<\/a> e <a href=\"https:\/\/www.progeriaresearch.org\/about-progeria\/\">Progeria<\/a>. No entanto, outras doen\u00e7as como a de <a href=\"https:\/\/abh.org.br\/o-que-e-doenca-de-huntington\/\">Huntington,<\/a> podem ser detectadas at\u00e9 na idade adulta.<\/p>\n\n\n\n<p>Desta forma, as doen\u00e7as gen\u00e9ticas podem ser descobertas em v\u00e1rias fases da vida atrav\u00e9s de diferentes exames e testes capazes de identificar altera\u00e7\u00f5es nos genes.&nbsp;<\/p>\n\n\n\n<p>Nesse sentido, os exames permitem que se descubra a doen\u00e7a antes mesmo do in\u00edcio dos sintomas e \u00e9 poss\u00edvel tomar medidas para evitar o agravamento do dist\u00farbio, possibilitando uma melhor qualidade de vida e at\u00e9 a interrup\u00e7\u00e3o da transmiss\u00e3o para os descendentes do portador.<\/p>\n\n\n\n<p>Veja alguns testes feitos para identificar altera\u00e7\u00f5es gen\u00e9ticas:&nbsp;<\/p>\n\n\n\n<h4 class=\"wp-block-heading\">Teste pr\u00e9-concepcionais<\/h4>\n\n\n\n<p><a href=\"https:\/\/nilofrantz.com.br\/site26\/exames-pre-concepcionais\/\">Os testes pr\u00e9-concepcionais<\/a> s\u00e3o utilizados para rastrear se o casal \u00e9 portador de uma c\u00f3pia defeituosa de um gene causador de doen\u00e7a conhecida. Desta maneira, pode-se prever as chances dos futuros filhos herdarem o gene com problema.<\/p>\n\n\n\n<h4 class=\"wp-block-heading\">Teste de pre-natal<\/h4>\n\n\n\n<p>Os <a href=\"https:\/\/www.msdmanuals.com\/pt-br\/casa\/problemas-de-sa%C3%BAde-feminina\/detec%C3%A7%C3%A3o-de-dist%C3%BArbios-gen%C3%A9ticos-antes-e-durante-a-gravidez\/exames-diagn%C3%B3sticos-pr%C3%A9-natais\">testes de pr\u00e9-natal <\/a>s\u00e3o realizados para diagnosticar poss\u00edveis doen\u00e7as f\u00edsicas ou mentais no beb\u00ea. Para fazer estes testes \u00e9 coletado material gen\u00e9tico coletado do feto durante a gesta\u00e7\u00e3o.<\/p>\n\n\n\n<h4 class=\"wp-block-heading\">Testes Preventivos<\/h4>\n\n\n\n<p>O Teste do pezinho \u00e9 um exemplo de teste preventivo, realizado logo ap\u00f3s o parto. O objetivo \u00e9 detectar doen\u00e7as assim que a crian\u00e7a nasce para evitar o surgimento futuras complica\u00e7\u00f5es.&nbsp;<\/p>\n\n\n\n<h4 class=\"wp-block-heading\">Rastreio de doen\u00e7as de manifesta\u00e7\u00e3o tardia<\/h4>\n\n\n\n<p>O objetivo deste rastreio de <a href=\"https:\/\/vidasraras.org.br\/sitewp\/doencas-de-inicio-tardio\/#:~:text=Doen%C3%A7as%20que%20se%20manifestam%20ap%C3%B3s,aparecem%20apenas%20na%20fase%20adulta.\">doen\u00e7as de manifesta\u00e7\u00e3o tardia <\/a>\u00e9 detectar doen\u00e7as poss\u00edveis de acontecer em adultos com determinada caracter\u00edstica gen\u00e9tica. Nesse sentido, os exames podem ser diagn\u00f3sticos ou preditivos.<\/p>\n\n\n\n<h3 class=\"wp-block-heading\" class=\"wp-block-heading\" id=\"e-possivel-que-alteracoes-geneticas-se-manifestem-mais-tarde-na-vida\">\u00c9 poss\u00edvel que altera\u00e7\u00f5es gen\u00e9ticas se manifestem mais tarde na vida?<\/h3>\n\n\n\n<p>Sim, nem sempre as altera\u00e7\u00f5es gen\u00e9ticas s\u00e3o detectadas precocemente. Desta forma, algumas doen\u00e7as s\u00e3o percebidas desde cedo, mas outras s\u00f3 ir\u00e3o aparecer na puberdade ou na fase adulta.&nbsp;<\/p>\n\n\n\n<p>O<a href=\"https:\/\/doencas\"> nanismo, <\/a>por exemplo, j\u00e1 se manifesta desde cedo, na inf\u00e2ncia, enquanto a <a href=\"https:\/\/doencas\">Doen\u00e7a de Huntington<\/a> se manifesta geralmente entre os 30 e 50 anos de idade.<\/p>\n\n\n\n<h2 class=\"wp-block-heading\" class=\"wp-block-heading\" id=\"as-alteracoes-geneticas-podem-acontecer-em-uma-fertilizacao-in-vitro\">As altera\u00e7\u00f5es gen\u00e9ticas podem acontecer em uma Fertiliza\u00e7\u00e3o <em>In Vitro<\/em>?&nbsp;<\/h2>\n\n\n\n<p><a href=\"https:\/\/nilofrantz.com.br\/site26\/conheca-o-passo-a-passo-da-fertilizacao-in-vitro\/\">A Fertiliza\u00e7\u00e3o <em>In Vitro<\/em> (FIV) <\/a>\u00e9 uma t\u00e9cnica de reprodu\u00e7\u00e3o humana de alta complexidade que possibilita muitas pessoas com problemas de infertilidade realizarem o sonho de ter um filho. Desta mesma forma, a FIV tamb\u00e9m \u00e9 o caminho para que <a href=\"https:\/\/nilofrantz.com.br\/site26\/tratamentos-de-reproducao-assistida-para-casais-homoafetivos\/\">casais homoafetivos<\/a>, e pais e m\u00e3es &#8220;solos &#8220;possam formar suas fam\u00edlias.<\/p>\n\n\n\n<p>Portanto, o tratamento consiste em promover a fecunda\u00e7\u00e3o do \u00f3vulo pelo espermatozoide em laborat\u00f3rio, ou seja, fora do corpo da mulher.&nbsp;<\/p>\n\n\n\n<p>Para isso, \u00e9 preciso coletar os <a href=\"https:\/\/nilofrantz.com.br\/site26\/puncao-de-ovulos\/\">gametas feminino<\/a> e masculino para formar o<a href=\"https:\/\/nilofrantz.com.br\/site26\/transferencia-de-embrioes\/\"> embri\u00e3o<\/a> que posteriormente \u00e9 <a href=\"https:\/\/nilofrantz.com.br\/site26\/transferencia-de-embrioes\/\">transferido ao \u00fatero.<\/a>&nbsp;<\/p>\n\n\n\n<p>Nestes casos, diferente da gravidez natural, na gesta\u00e7\u00e3o obtida atrav\u00e9s da FIV \u00e9 poss\u00edvel avaliar, testar e selecionar o embri\u00e3o que ser\u00e1 utilizado no tratamento. O objetivo \u00e9 escolher o <a href=\"https:\/\/nilofrantz.com.br\/site26\/classificacao-dos-embrioes\/\">embri\u00e3o de melhor qualidade <\/a>para ser transferido e assim aumentar as chances de <a href=\"https:\/\/nilofrantz.com.br\/site26\/taxa-de-sucesso-fiv\/\">sucesso do tratamento.&nbsp;<\/a><\/p>\n\n\n\n<p>Nesse sentido, um dos exames dispon\u00edveis \u00e9 o<a href=\"https:\/\/nilofrantz.com.br\/site26\/pgt-exame-para-que-serve\/\"> PGT (teste gen\u00e9tico pr\u00e9-implantacional) <\/a>que rastreia poss\u00edveis anomalias cromoss\u00f4micas e gen\u00e9ticas do embri\u00e3o. Ele \u00e9 feito a partir de bi\u00f3psia embrion\u00e1ria com o objetivo evitar que doen\u00e7as gen\u00e9ticas sejam passadas aos descendentes. Desta forma, \u00e9 poss\u00edvel selecionar o embri\u00e3o saud\u00e1vel e livre de doen\u00e7as para a transfer\u00eancia ao \u00fatero materno.&nbsp;<\/p>\n\n\n\n<h3 class=\"wp-block-heading\" class=\"wp-block-heading\" id=\"quais-os-riscos\">Quais os riscos?<\/h3>\n\n\n\n<p>Como vimos, o exame gen\u00e9tico pr\u00e9-implantacional (PGT) \u00e9 realizado a partir de bi\u00f3psia embrion\u00e1ria que consiste na retirada de algumas c\u00e9lulas do embri\u00e3o para an\u00e1lise em laborat\u00f3rio de gen\u00e9tica.&nbsp;<\/p>\n\n\n\n<p>Os avan\u00e7os tecnol\u00f3gicos possibilitam que essas bi\u00f3psias sejam feitas com muita precis\u00e3o, mas para isso, devem ser realizadas apenas por profissionais treinados e qualificados.<\/p>\n\n\n\n<p>Entretanto, mesmo sendo um procedimento muito seguro, ainda existe um pequeno risco de que o embri\u00e3o n\u00e3o resista ao procedimento, que \u00e9 cerca de 5% dos casos.<\/p>\n\n\n\n<hr class=\"wp-block-separator has-alpha-channel-opacity is-style-wide\"\/>\n\n\n\n<figure class=\"wp-block-image size-full\"><a href=\"https:\/\/nilofrantz.rds.land\/e-book-tecnicas-de-reproducao-assistida-um-bom-diagnostico-e-o-primeiro-passo\"><img decoding=\"async\" width=\"1024\" height=\"410\" src=\"https:\/\/nilofrantz.com.br\/site26\/wp-content\/uploads\/2021\/03\/thumb-material-rico.jpg\" alt=\"T\u00e9cnicas de Reprodu\u00e7\u00e3o Assistida: um bom diagn\u00f3stico \u00e9 o primeiro passo\" class=\"wp-image-8461\" srcset=\"https:\/\/nilofrantz.com.br\/site26\/wp-content\/uploads\/2021\/03\/thumb-material-rico.jpg 1024w, https:\/\/nilofrantz.com.br\/site26\/wp-content\/uploads\/2021\/03\/thumb-material-rico-300x120.jpg 300w, https:\/\/nilofrantz.com.br\/site26\/wp-content\/uploads\/2021\/03\/thumb-material-rico-768x308.jpg 768w\" sizes=\"(max-width: 1024px) 100vw, 1024px\" \/><\/a><\/figure>\n","protected":false},"excerpt":{"rendered":"<p>Voc\u00ea j\u00e1 ouviu falar em altera\u00e7\u00f5es gen\u00e9ticas? Sabe a import\u00e2ncia deste tema para quem est\u00e1 planejando uma gravidez?&nbsp; Essas altera\u00e7\u00f5es afetam o DNA e podem causar diferentes doen\u00e7as gen\u00e9ticas heredit\u00e1rias, que acabam passadas de pais para filhos. Mas afinal, o que s\u00e3o altera\u00e7\u00f5es gen\u00e9ticas? Que doen\u00e7as elas causam? Como s\u00e3o feitos os diagn\u00f3sticos? \u00c9 poss\u00edvel [&hellip;]<\/p>\n","protected":false},"author":12,"featured_media":9879,"comment_status":"open","ping_status":"open","sticky":false,"template":"","format":"standard","meta":{"_acf_changed":false,"footnotes":""},"categories":[20],"tags":[975,974,972,971,973],"class_list":["post-9877","post","type-post","status-publish","format-standard","has-post-thumbnail","hentry","category-procedimentos","tag-as-alteracoes-geneticas-podem-acontecer-em-um-fertilizacao-in-vitro","tag-como-funciona-o-diagnostico-de-alteracoes-geneticas","tag-o-que-causa-alteracoes-geneticas","tag-o-que-sao-alteracoes-geneticas","tag-que-doencas-sao-causadas-por-alteracoes-geneticas"],"acf":[],"_links":{"self":[{"href":"https:\/\/nilofrantz.com.br\/site26\/wp-json\/wp\/v2\/posts\/9877","targetHints":{"allow":["GET"]}}],"collection":[{"href":"https:\/\/nilofrantz.com.br\/site26\/wp-json\/wp\/v2\/posts"}],"about":[{"href":"https:\/\/nilofrantz.com.br\/site26\/wp-json\/wp\/v2\/types\/post"}],"author":[{"embeddable":true,"href":"https:\/\/nilofrantz.com.br\/site26\/wp-json\/wp\/v2\/users\/12"}],"replies":[{"embeddable":true,"href":"https:\/\/nilofrantz.com.br\/site26\/wp-json\/wp\/v2\/comments?post=9877"}],"version-history":[{"count":0,"href":"https:\/\/nilofrantz.com.br\/site26\/wp-json\/wp\/v2\/posts\/9877\/revisions"}],"wp:featuredmedia":[{"embeddable":true,"href":"https:\/\/nilofrantz.com.br\/site26\/wp-json\/wp\/v2\/media\/9879"}],"wp:attachment":[{"href":"https:\/\/nilofrantz.com.br\/site26\/wp-json\/wp\/v2\/media?parent=9877"}],"wp:term":[{"taxonomy":"category","embeddable":true,"href":"https:\/\/nilofrantz.com.br\/site26\/wp-json\/wp\/v2\/categories?post=9877"},{"taxonomy":"post_tag","embeddable":true,"href":"https:\/\/nilofrantz.com.br\/site26\/wp-json\/wp\/v2\/tags?post=9877"}],"curies":[{"name":"wp","href":"https:\/\/api.w.org\/{rel}","templated":true}]}}