{"id":8705,"date":"2021-08-18T08:50:00","date_gmt":"2021-08-18T11:50:00","guid":{"rendered":"https:\/\/nilofrantz.com.br\/site26\/?p=8705"},"modified":"2024-09-09T09:29:47","modified_gmt":"2024-09-09T12:29:47","slug":"translucencia-nucal","status":"publish","type":"post","link":"https:\/\/nilofrantz.com.br\/site26\/blog\/2021\/08\/18\/translucencia-nucal\/","title":{"rendered":"Transluc\u00eancia nucal: saiba tudo sobre o exame"},"content":{"rendered":"\n<p>Voc\u00ea j\u00e1 ouviu falar em transluc\u00eancia nucal? Sabe do que se trata?<\/p>\n\n\n\n<p>Esse importante exame, que faz parte do pr\u00e9-natal de todas as gestantes, alerta para eventuais riscos no desenvolvimento do beb\u00ea. Mas afinal, qual a sua utilidade?&nbsp;<\/p>\n\n\n\n<p>Como acontece esse exame? Em que <a href=\"https:\/\/nilofrantz.com.br\/site26\/tabela-gestacional\/\" target=\"_blank\" rel=\"noreferrer noopener\">idade gestacional<\/a> ele deve ser feito? O texto a seguir vai esclarecer essas e outras d\u00favidas sobre este tema. Confira.<\/p>\n\n\n\n<p><a href=\"https:\/\/nilofrantz.com.br\/site26\/o-que-e-reproducao-assistida\/\">Leia tamb\u00e9m: o que \u00e9 reprodu\u00e7\u00e3o assistida?<\/a><\/p>\n\n\n\n<h2 class=\"wp-block-heading\" class=\"wp-block-heading\" id=\"o-que-e-translucencia-nucal\">O que \u00e9 transluc\u00eancia nucal?<\/h2>\n\n\n\n<p>A transluc\u00eancia nucal (TN), popularmente conhecido como \u201cUltrassom da Nuquinha\u201d, \u00e9 um exame realizado durante o <a href=\"https:\/\/nilofrantz.com.br\/site26\/exames-gestacionais\/\">pr\u00e9-natal<\/a>, e registra a medida da nuca do feto. Nesse sentido, atrav\u00e9s de ultrassom, ele mede o tamanho e a quantidade de l\u00edquido na regi\u00e3o atr\u00e1s da nuca do beb\u00ea.<\/p>\n\n\n\n<p>O exame da transluc\u00eancia nucal come\u00e7ou a ter uso na d\u00e9cada de 90 com objetivo de estimar o risco dos fetos apresentarem alguma malforma\u00e7\u00e3o, e sua assertividade \u00e9 de cerca de 80 a 90%.&nbsp;<\/p>\n\n\n\n<h2 class=\"wp-block-heading\" class=\"wp-block-heading\" id=\"para-que-serve-a-translucencia-nucal\">Para que serve a transluc\u00eancia nucal?<\/h2>\n\n\n\n<p>A transluc\u00eancia nucal serve para calcular o risco do feto apresentar algum tipo de malforma\u00e7\u00e3o ou s\u00edndrome, como a <a href=\"https:\/\/drauziovarella.uol.com.br\/doencas-e-sintomas\/sindrome-de-down\/\">s\u00edndrome de Down<\/a> e as <a href=\"https:\/\/www.minhavida.com.br\/saude\/temas\/cardiopatia-congenita\">cardiopatias cong\u00eanitas.<\/a> Nesse sentido, fetos com <a href=\"https:\/\/nilofrantz.com.br\/site26\/doencas-geneticas\/#0\">doen\u00e7as gen\u00e9ticas<\/a> ou malforma\u00e7\u00f5es t\u00eam uma tend\u00eancia a acumular l\u00edquido na regi\u00e3o da nuca. Medidas aumentadas significam um maior risco de haver algum problema no desenvolvimento do beb\u00ea.<\/p>\n\n\n\n<p>Por\u00e9m, \u00e9 importante ressaltar que a medida da transluc\u00eancia nucal n\u00e3o \u00e9 um teste de diagn\u00f3stico, ou seja, ela n\u00e3o confirma que o feto tem alguma altera\u00e7\u00e3o. Desta forma, o exame apenas estima se h\u00e1 risco maior de complica\u00e7\u00f5es. Assim, quando o exame mostra medidas elevadas, \u00e9 preciso a realiza\u00e7\u00e3o de outros exames complementares para realmente confirmar um poss\u00edvel diagn\u00f3stico.<\/p>\n\n\n\n<h3 class=\"wp-block-heading\" class=\"wp-block-heading\" id=\"o-que-fazer-se-meu-bebe-tem-translucencia-nucal-aumentada\">O que fazer se meu beb\u00ea tem transluc\u00eancia nucal aumentada?<\/h3>\n\n\n\n<p>Como j\u00e1 vimos, quando o exame da medida da transluc\u00eancia nucal est\u00e1 alterado, recomenda-se a realiza\u00e7\u00e3o de novos exames que possam confirmar ou descartar o diagn\u00f3stico de alguma s\u00edndrome ou malforma\u00e7\u00e3o.<\/p>\n\n\n\n<p>Veja alguns exames solicitados quando a transluc\u00eancia nucal tem resultados alterados:<\/p>\n\n\n\n<h3 class=\"wp-block-heading\" class=\"wp-block-heading\" id=\"biopsia-de-vilosidades-corionicas\">Bi\u00f3psia de vilosidades cori\u00f4nicas&nbsp;<\/h3>\n\n\n\n<p>As vilosidades cori\u00f4nicas s\u00e3o tecidos placent\u00e1rios que t\u00eam a mesma composi\u00e7\u00e3o gen\u00e9tica do feto. Desta forma, a an\u00e1lise de uma pequena amostra desse tecido permite detectar <a href=\"https:\/\/nilofrantz.com.br\/site26\/doencas-geneticas\/\">anomalias gen\u00e9ticas<\/a> ou <a href=\"https:\/\/brasilescola.uol.com.br\/biologia\/anomalias-cromossomicas.htm\">cromoss\u00f4micas<\/a> do beb\u00ea.&nbsp;<\/p>\n\n\n\n<p>Nesse sentido, a bi\u00f3psia das vilosidades cori\u00f4nicas \u00e9 capaz de detectar mais de 200 doen\u00e7as. Para isto, o exame ocorre a partir da coleta de um pequeno fragmento da placenta obtida atrav\u00e9s da pun\u00e7\u00e3o, realizada a partir da 11\u00aa semana de <a href=\"https:\/\/nilofrantz.com.br\/site26\/tabela-gestacional\/\">idade gestacional<\/a>.<\/p>\n\n\n\n<h3 class=\"wp-block-heading\" class=\"wp-block-heading\" id=\"amniocentese\">Amniocentese<\/h3>\n\n\n\n<p>A amniocentese \u00e9 um exame intrauterino realizado no segundo trimestre de gesta\u00e7\u00e3o para identificar poss\u00edveis complica\u00e7\u00f5es ou altera\u00e7\u00f5es gen\u00e9ticas no beb\u00ea.&nbsp;<\/p>\n\n\n\n<p>Nesse sentido, a an\u00e1lise \u00e9 feita a partir de uma pequena quantidade de l\u00edquido amni\u00f3tico, este fluido que envolve e protege o beb\u00ea e cont\u00e9m c\u00e9lulas do feto e subst\u00e2ncias liberadas ao longo do desenvolvimento.&nbsp;<\/p>\n\n\n\n<p>O exame \u00e9 feito com uma amostra coletada atrav\u00e9s de uma agulha bem fina e comprida inserida no abd\u00f4men at\u00e9 o interior da cavidade uterina. Desta forma, para garantir maior seguran\u00e7a, todo o procedimento \u00e9 acompanhado e monitorado atrav\u00e9s de ultrassonografia.<\/p>\n\n\n\n<h3 class=\"wp-block-heading\" class=\"wp-block-heading\" id=\"cordocentese\">Cordocentese<\/h3>\n\n\n\n<p>A cordocentese, ou amostra de sangue fetal, \u00e9 um exame de diagn\u00f3stico pr\u00e9-natal, feito a partir das 18 semanas de gesta\u00e7\u00e3o.&nbsp;<\/p>\n\n\n\n<p>Ele consiste na retirada de uma amostra de sangue do feto a partir do cord\u00e3o umbilical, para detectar alguma altera\u00e7\u00e3o cromoss\u00f4mica no beb\u00ea. A <a href=\"https:\/\/www.minhavida.com.br\/saude\/temas\/sindrome-de-down\">S\u00edndrome de Down, <\/a>ou doen\u00e7as como<a href=\"https:\/\/drauziovarella.uol.com.br\/doencas-e-sintomas\/toxoplasmose-3\/\"> toxoplasmose<\/a>,<a href=\"https:\/\/antigo.saude.gov.br\/saude-de-a-z\/rubeola\"> rub\u00e9ola<\/a>, <a href=\"https:\/\/www.msdmanuals.com\/pt-br\/profissional\/pediatria\/dist%C3%BArbios-hematol%C3%B3gicos-perinatais\/anemia-perinatal\">anemia fetal<\/a> ou <a href=\"https:\/\/drauziovarella.uol.com.br\/doencas-e-sintomas\/citomegalovirus-cmv\/\">citomegalov\u00edrus<\/a>, por exemplo, podem ser detectadas no exame.<\/p>\n\n\n\n<h3 class=\"wp-block-heading\" class=\"wp-block-heading\" id=\"ecocardiografia-fetal\">Ecocardiografia fetal<\/h3>\n\n\n\n<p>A ecocardiografia fetal \u00e9 um exame espec\u00edfico de ultrassom para avaliar o cora\u00e7\u00e3o do feto. Neste exame, conferem-se as estruturas anat\u00f4micas do cora\u00e7\u00e3o, como c\u00e2maras card\u00edacas, valvas, arteriais, e veias, al\u00e9m de verificar se h\u00e1 defeitos card\u00edacos. Este exame possibilita tamb\u00e9m identificar como est\u00e1 o ritmo card\u00edaco do feto.<\/p>\n\n\n\n<figure class=\"wp-block-image aligncenter\"><img decoding=\"async\" src=\"https:\/\/lh6.googleusercontent.com\/gjG-utbgx05r6eqoD1OQLnHQMxvBQCVexD8rX7MRmX4bmGIohquTHQ3mHJs-4VLe72-L-yO5GWXGPxrYiDl5fiW97nbAJzqCvbmID1_XD9ujchK5XEC-e2dVHWrgJczQyGu7J96n\" alt=\"o que fazer quando o resultado da transluc\u00eancia nucal apresenta altera\u00e7\u00f5es?\"\/><\/figure>\n\n\n\n<h2 class=\"wp-block-heading\" class=\"wp-block-heading\" id=\"com-quantas-semanas-se-faz-o-ultrassom-translucencia-nucal\">Com quantas semanas se faz o ultrassom transluc\u00eancia nucal?<\/h2>\n\n\n\n<p>O ultrassom com transluc\u00eancia nucal \u00e9 normalmente feito quando o feto tem entre 45 e 84 mm de comprimento, medidos da cabe\u00e7a at\u00e9 as n\u00e1degas. Nesse sentido, corresponde entre 11 e 14 semanas de gesta\u00e7\u00e3o, contadas a partir do primeiro dia da \u00faltima menstrua\u00e7\u00e3o.&nbsp;<\/p>\n\n\n\n<p>Por\u00e9m, recomenda-se que o exame aconte\u00e7a no in\u00edcio da 13\u00aa semana, quando o beb\u00ea j\u00e1 \u00e9 um pouco maior. Isso possibilita melhores imagens e, consequentemente, maiores chances de identificar alguma malforma\u00e7\u00e3o.<\/p>\n\n\n\n<h2 class=\"wp-block-heading\" class=\"wp-block-heading\" id=\"como-e-feita-a-translucencia-nucal\">Como \u00e9 feita a transluc\u00eancia nucal?<\/h2>\n\n\n\n<p>A transluc\u00eancia nucal \u00e9 um exame simples e r\u00e1pido, realizado atrav\u00e9s de uma ultrassonografia obst\u00e9trica. Para tanto, a gr\u00e1vida deita-se em uma maca e um gel \u00e9 aplicado em seu abd\u00f4men para que o aparelho possa ser movimentado com facilidade. Atrav\u00e9s da imagem gerada pelo ultrassom, \u00e9 poss\u00edvel medir e calcular a quantidade de l\u00edquido presente na regi\u00e3o da nuca do feto.&nbsp;<\/p>\n\n\n\n<p>Nesse sentido, em cerca de 95% dos casos o exame \u00e9 feito pela via abdominal. Por\u00e9m, dependendo da posi\u00e7\u00e3o do beb\u00ea, \u00e0s vezes \u00e9 necess\u00e1rio que o procedimento seja complementado <a href=\"https:\/\/nilofrantz.com.br\/site26\/ultrassom-transvaginal\/\">pela via transvaginal.<\/a> De qualquer forma, vale esclarecer que o exame da transluc\u00eancia nucal n\u00e3o apresenta nenhuma contraindica\u00e7\u00e3o, assim como n\u00e3o requer preparo pr\u00e9vio.<\/p>\n\n\n\n<h2 class=\"wp-block-heading\" class=\"wp-block-heading\" id=\"translucencia-nucal-e-morfologico-e-a-mesma-coisa\">Transluc\u00eancia nucal e morfol\u00f3gico \u00e9 a mesma coisa?<\/h2>\n\n\n\n<p>A transluc\u00eancia nucal \u00e9 um dos exames mais importantes do pr\u00e9-natal, que pode ocorrer de forma isolada, atrav\u00e9s de uma <a href=\"https:\/\/drauziovarella.uol.com.br\/ambulatorio\/exames\/ultrassom-obstetrico\/\">ultrassonografia obst\u00e9trica, <\/a>ou ent\u00e3o, durante o <a href=\"https:\/\/www.minhavida.com.br\/saude\/tudo-sobre\/18787-ultrassonografia-morfologica-fetal-de-primeiro-trimestre\">ultrassom morfol\u00f3gico do primeiro trimestre<\/a>.&nbsp;<\/p>\n\n\n\n<p>Nesse sentido, o morfol\u00f3gico \u00e9 um exame mais completo que al\u00e9m da transluc\u00eancia nucal, tamb\u00e9m avalia o fluxo de sangue atrav\u00e9s do cora\u00e7\u00e3o fetal e do ducto venoso, e a presen\u00e7a de osso nasal do feto. Desta forma, a aus\u00eancia do osso do nariz representa maior risco de altera\u00e7\u00f5es, j\u00e1 que esta situa\u00e7\u00e3o \u00e9 muito comum em s\u00edndromes.<\/p>\n\n\n\n<p>No casos da s\u00edndrome de Down, al\u00e9m da medi\u00e7\u00e3o da transluc\u00eancia nucal e da observa\u00e7\u00e3o do osso nasal, outros fatores de risco devem ser avaliados, como o hist\u00f3rico familiar de doen\u00e7as gen\u00e9ticas, altera\u00e7\u00f5es cromoss\u00f4micas e tamb\u00e9m a idade da m\u00e3e.<\/p>\n\n\n\n<h2 class=\"wp-block-heading\" class=\"wp-block-heading\" id=\"qual-o-valor-normal-da-translucencia-nucal\">Qual o valor normal da transluc\u00eancia nucal?<\/h2>\n\n\n\n<p>Na verdade, os valores da transluc\u00eancia nucal variam de acordo com a idade gestacional. Entretanto, como par\u00e2metro, s\u00e3o considerados valores normais, que representam baixo risco, os \u00edndices menores que 2,5 mm. Medidas superiores a 2,5 mm geralmente significam um risco maior do feto apresentar alguma malforma\u00e7\u00e3o.<\/p>\n\n\n\n<p>Mas lembrando: a medida da transluc\u00eancia nucal elevada n\u00e3o quer dizer que o beb\u00ea tenha necessariamente algum problema. Nestes casos, outros testes precisam ser feitos para chegar a um poss\u00edvel diagn\u00f3stico.&nbsp;<\/p>\n\n\n\n<p>Valores refer\u00eancias para Transluc\u00eancia Nucal:<\/p>\n\n\n\n<ul class=\"wp-block-list\">\n<li>Transluc\u00eancia Nucal normal: Abaixo de 2,5mm;<\/li>\n\n\n\n<li>Transluc\u00eancia Nucal aumentada: Maior ou igual a 2,5mm.<\/li>\n<\/ul>\n\n\n\n<h2 class=\"wp-block-heading\" class=\"wp-block-heading\" id=\"a-translucencia-nucal-aumentada-pode-diminuir\">A transluc\u00eancia nucal aumentada pode diminuir?<\/h2>\n\n\n\n<p>A resposta \u00e9 sim. \u00c9 comum que beb\u00eas que tiveram o teste da \u201cnuquinha\u201d alterado em um primeiro momento apresentem um segundo exame normalizado.&nbsp;<\/p>\n\n\n\n<p>Entretanto, o fato da medida da transluc\u00eancia nucal diminuir n\u00e3o significa que o beb\u00ea tenha menos risco. Nesse sentido, para fins de determina\u00e7\u00e3o de risco, sempre se considera o exame onde o valor foi maior.&nbsp;<\/p>\n\n\n\n<p>Quer saber quais s\u00e3o as perguntas essenciais para fazer a um especialista de fertilidade? Ent\u00e3o baixe agora mesmo o nosso <a href=\"https:\/\/conteudo.nilofrantz.com.br\/am-checklist-10-perguntas-que-nao-posso-deixar-de-fazer-ao-especialista-em-fertilidade?utm_source=blog&amp;utm_medium=materiaisgratuitos&amp;utm_campaign=10-perguntas-que-nao-posso-deixar-de-fazer-ao-especialista-em-fertilidade\">checklist gratuito<\/a>!<\/p>\n\n\n\n<figure class=\"wp-block-image size-large\"><a href=\"https:\/\/conteudo.nilofrantz.com.br\/am-checklist-10-perguntas-que-nao-posso-deixar-de-fazer-ao-especialista-em-fertilidade?utm_source=blog&amp;utm_medium=materiaisgratuitos&amp;utm_campaign=10-perguntas-que-nao-posso-deixar-de-fazer-ao-especialista-em-fertilidade\"><img fetchpriority=\"high\" decoding=\"async\" width=\"1024\" height=\"508\" src=\"https:\/\/nilofrantz.com.br\/site26\/wp-content\/uploads\/2019\/11\/CTA_SITE_Nilo-Frantz_Checklist-Fertilizac\u0327a\u0303o-1024x508-1.png\" alt=\"CTA_SITE_Nilo-Frantz_Checklist-Fertilizac\u0327a\u0303o-1024x508\" class=\"wp-image-8229\" srcset=\"https:\/\/nilofrantz.com.br\/site26\/wp-content\/uploads\/2019\/11\/CTA_SITE_Nilo-Frantz_Checklist-Fertilizac\u0327a\u0303o-1024x508-1.png 1024w, https:\/\/nilofrantz.com.br\/site26\/wp-content\/uploads\/2019\/11\/CTA_SITE_Nilo-Frantz_Checklist-Fertilizac\u0327a\u0303o-1024x508-1-300x149.png 300w, https:\/\/nilofrantz.com.br\/site26\/wp-content\/uploads\/2019\/11\/CTA_SITE_Nilo-Frantz_Checklist-Fertilizac\u0327a\u0303o-1024x508-1-768x381.png 768w\" sizes=\"(max-width: 1024px) 100vw, 1024px\" \/><\/a><\/figure>\n","protected":false},"excerpt":{"rendered":"<p>Voc\u00ea j\u00e1 ouviu falar em transluc\u00eancia nucal? Sabe do que se trata? Esse importante exame, que faz parte do pr\u00e9-natal de todas as gestantes, alerta para eventuais riscos no desenvolvimento do beb\u00ea. Mas afinal, qual a sua utilidade?&nbsp; Como acontece esse exame? Em que idade gestacional ele deve ser feito? O texto a seguir vai [&hellip;]<\/p>\n","protected":false},"author":12,"featured_media":8706,"comment_status":"open","ping_status":"open","sticky":false,"template":"","format":"standard","meta":{"_acf_changed":false,"footnotes":""},"categories":[18],"tags":[440,441,442],"class_list":["post-8705","post","type-post","status-publish","format-standard","has-post-thumbnail","hentry","category-duvidas","tag-o-que-e-translucencia-nucal","tag-o-que-fazer-em-translucencia-nucal-aumentada","tag-quando-fazer-translucencia-nucal"],"acf":[],"_links":{"self":[{"href":"https:\/\/nilofrantz.com.br\/site26\/wp-json\/wp\/v2\/posts\/8705","targetHints":{"allow":["GET"]}}],"collection":[{"href":"https:\/\/nilofrantz.com.br\/site26\/wp-json\/wp\/v2\/posts"}],"about":[{"href":"https:\/\/nilofrantz.com.br\/site26\/wp-json\/wp\/v2\/types\/post"}],"author":[{"embeddable":true,"href":"https:\/\/nilofrantz.com.br\/site26\/wp-json\/wp\/v2\/users\/12"}],"replies":[{"embeddable":true,"href":"https:\/\/nilofrantz.com.br\/site26\/wp-json\/wp\/v2\/comments?post=8705"}],"version-history":[{"count":0,"href":"https:\/\/nilofrantz.com.br\/site26\/wp-json\/wp\/v2\/posts\/8705\/revisions"}],"wp:featuredmedia":[{"embeddable":true,"href":"https:\/\/nilofrantz.com.br\/site26\/wp-json\/wp\/v2\/media\/8706"}],"wp:attachment":[{"href":"https:\/\/nilofrantz.com.br\/site26\/wp-json\/wp\/v2\/media?parent=8705"}],"wp:term":[{"taxonomy":"category","embeddable":true,"href":"https:\/\/nilofrantz.com.br\/site26\/wp-json\/wp\/v2\/categories?post=8705"},{"taxonomy":"post_tag","embeddable":true,"href":"https:\/\/nilofrantz.com.br\/site26\/wp-json\/wp\/v2\/tags?post=8705"}],"curies":[{"name":"wp","href":"https:\/\/api.w.org\/{rel}","templated":true}]}}