{"id":8689,"date":"2021-08-04T09:50:00","date_gmt":"2021-08-04T12:50:00","guid":{"rendered":"https:\/\/nilofrantz.com.br\/site26\/?p=8689"},"modified":"2025-07-14T11:39:07","modified_gmt":"2025-07-14T14:39:07","slug":"tabela-gestacional","status":"publish","type":"post","link":"https:\/\/nilofrantz.com.br\/site26\/blog\/2021\/08\/04\/tabela-gestacional\/","title":{"rendered":"Tabela gestacional: descubra como calcular sua gesta\u00e7\u00e3o"},"content":{"rendered":"\n<p>Voc\u00ea j\u00e1 ouviu falar em tabela gestacional? Sabe como us\u00e1-la? Pois quando uma mulher descobre que est\u00e1 gr\u00e1vida, muitos questionamentos passam pela sua cabe\u00e7a. Nesse sentido, em meio a tantas emo\u00e7\u00f5es, ela quer logo saber com quantas semanas est\u00e1 de gesta\u00e7\u00e3o, e qual ser\u00e1 a data prov\u00e1vel do parto.&nbsp;<\/p>\n\n\n\n<p>Para isso, \u00e9 fundamental que conhe\u00e7a tabela gestacional, e assim, possa acompanhar de perto o desenvolvimento do beb\u00ea e ao longo da gravidez.&nbsp;<\/p>\n\n\n\n<p>Mas afinal, o que \u00e9 tabela gestacional? Como funciona? Porque ela se baseia em semanas de gesta\u00e7\u00e3o e n\u00e3o em meses? Veja as respostas no texto a seguir!<\/p>\n\n\n\n<p><\/p>\n\n\n\n<h2 class=\"wp-block-heading\" class=\"wp-block-heading\" id=\"o-que-e-tabela-gestacional\"><strong>O que \u00e9 tabela gestacional?<\/strong><\/h2>\n\n\n\n<p>A tabela gestacional \u00e9 a forma atrav\u00e9s da qual se conta o tempo de uma<a href=\"https:\/\/nilofrantz.com.br\/site26\/gravidez\/\"> gravidez<\/a>. Em outras palavras, \u00e9 a maneira de saber a idade gestacional, que consiste no tempo transcorrido desde a concep\u00e7\u00e3o at\u00e9 o momento do nascimento. Nesse sentido, em geral, este per\u00edodo leva em torno de 280 dias ou 40 semanas.&nbsp;<\/p>\n\n\n\n<p>\u201cMas como assim, a gravidez n\u00e3o dura 9 meses?\u201d&nbsp;<\/p>\n\n\n\n<p>De acordo com a <a href=\"https:\/\/www.instagram.com\/pri_scalco?utm_source=ig_web_button_share_sheet&amp;igsh=ZDNlZDc0MzIxNw==\">Dra. Priscila Scalco<\/a>, especialista em reprodu\u00e7\u00e3o assistida, embora a&nbsp; maioria das pessoas costumam se referir ao tempo da gravidez em n\u00famero de meses, na verdade, conta-se a idade gestacional em semanas. Isto acontece pois s\u00e3o muitas as mudan\u00e7as a cada dia que ocorrem de forma r\u00e1pida, especialmente na primeira metade da gravidez.&nbsp;<\/p>\n\n\n\n<p>Assim, em um per\u00edodo de 4 semanas, acontecem dezenas de altera\u00e7\u00f5es importantes, e a contagem em semanas permite aos m\u00e9dicos definir com mais exatid\u00e3o o tempo de cada uma.&nbsp;&nbsp;&nbsp;&nbsp;<\/p>\n\n\n\n<p><\/p>\n\n\n\n<h2 class=\"wp-block-heading\" class=\"wp-block-heading\" id=\"como-a-tabela-gestacional-funciona\"><strong>Como a tabela gestacional funciona?<\/strong><\/h2>\n\n\n\n<p>Como vimos, tabela gestacional \u00e9 a contagem da gravidez, em semanas, desde a concep\u00e7\u00e3o at\u00e9 o nascimento do nen\u00ea. Nesse sentido, tem como objetivo acompanhar a evolu\u00e7\u00e3o do beb\u00ea ao longo de toda a gesta\u00e7\u00e3o, bem como fazer uma previs\u00e3o de quando o parto vai ocorrer.&nbsp;<\/p>\n\n\n\n<p>Desta forma, o ponto de partida para saber a idade gestacional \u00e9 a data da \u00faltima menstrua\u00e7\u00e3o. A partir desse dia, conta-se 40 semanas para chegar ao prov\u00e1vel dia do parto.<\/p>\n\n\n\n<p>Por\u00e9m, como destaca a <a href=\"https:\/\/www.instagram.com\/pri_scalco?utm_source=ig_web_button_share_sheet&amp;igsh=ZDNlZDc0MzIxNw==\">Dra. Priscila<\/a>, \u00e9 muito dif\u00edcil ter certeza exata de quando o espermatozoide encontrou o \u00f3vulo. Isto acontece pois os gametas masculinos podem permanecer vi\u00e1veis dentro do aparelho reprodutor feminino por 5 a 7 dias, e assim, a<a href=\"https:\/\/nilofrantz.com.br\/site26\/tag\/fecundacao-por-meio-da-reproducao-assistida\/\"> fecunda\u00e7\u00e3o<\/a> pode acontecer alguns dias ap\u00f3s a rela\u00e7\u00e3o sexual do casal.&nbsp;<\/p>\n\n\n\n<p>Sendo assim, em decorr\u00eancia da impossibilidade de se definir o dia certo da fertiliza\u00e7\u00e3o do \u00f3vulo, convencionou-se, mundialmente, que a contagem das semanas de gravidez come\u00e7a no primeiro dia da \u00faltima menstrua\u00e7\u00e3o (DUM). A partir dessa data, pode-se estimar quando o beb\u00ea vai nascer.&nbsp;<\/p>\n\n\n\n<p>Por\u00e9m, vale chamar a aten\u00e7\u00e3o de que este c\u00e1lculo \u00e9 apenas uma estimativa. Outros exames, como a<a href=\"https:\/\/drauziovarella.uol.com.br\/ambulatorio\/exames\/ultrassom-obstetrico\/\"> ultrassonografia obst\u00e9trica<\/a>, s\u00e3o usados para chegar a uma previs\u00e3o mais realista da data do parto.<\/p>\n\n\n\n<p><\/p>\n\n\n\n<h3 class=\"wp-block-heading\" class=\"wp-block-heading\" id=\"nao-lembro-a-data-da-minha-ultima-menstruacao-e-agora\"><strong>N\u00e3o lembro a data da minha \u00faltima menstrua\u00e7\u00e3o. E agora?<\/strong><\/h3>\n\n\n\n<p>Muitas mulheres realmente n\u00e3o lembram o dia da sua \u00faltima<a href=\"https:\/\/nilofrantz.com.br\/site26\/ciclo-menstrual\/\"> menstrua\u00e7\u00e3o<\/a>. Al\u00e9m disso, outras, com ciclos irregulares, \u00e0s vezes s\u00f3 percebem que est\u00e3o gr\u00e1vidas com v\u00e1rias semanas de gesta\u00e7\u00e3o. Nesses casos, quando n\u00e3o se conhece o DUM, existem outras formas de estimar o tempo de gravidez, e at\u00e9 mesmo confirmar as primeiras previs\u00f5es.<\/p>\n\n\n\n<p>Confira abaixo quais s\u00e3o:<\/p>\n\n\n\n<h4 class=\"wp-block-heading\">Ultrassonografia transvaginal&nbsp;<\/h4>\n\n\n\n<p>O <a href=\"https:\/\/nilofrantz.com.br\/site26\/ultrassom-transvaginal\/\">ultrassom transvaginal<\/a> tamb\u00e9m \u00e9 usado para definir o tempo de gesta\u00e7\u00e3o. Nesse sentido, a partir da 6\u00aa semana, o embri\u00e3o j\u00e1 pode ser identificado por este exame de imagem que tem um alto grau de acur\u00e1cia, especialmente quando feito no primeiro trimestre.&nbsp;<\/p>\n\n\n\n<p>Al\u00e9m disso, at\u00e9 as primeiras 20 semanas de gravidez, os fetos t\u00eam mais ou menos o mesmo tamanho. Assim, as medi\u00e7\u00f5es do osso f\u00eamur, circunfer\u00eancia da cabe\u00e7a e da cintura, realizadas atrav\u00e9s do ultrassom, ajudam o m\u00e9dico a estabelecer a idade gestacional.<\/p>\n\n\n\n<p>Segundo a <a href=\"https:\/\/www.instagram.com\/pri_scalco?utm_source=ig_web_button_share_sheet&amp;igsh=ZDNlZDc0MzIxNw==\">Dra. Priscila<\/a>, vale ressaltar que o comprimento c\u00e9falo-caudal, tamb\u00e9m medido pela ultrassonografia, \u00e9 a forma mais confi\u00e1vel de estimar a idade gestacional e a data prov\u00e1vel do parto. Desta forma, mesmo nas mulheres que sabem sua DUM, confirma-se o c\u00e1lculo da idade gestacional pela ultrassonografia fetal do 1\u00b0 trimestre.<\/p>\n\n\n\n<h4 class=\"wp-block-heading\">Tamanho do \u00fatero<\/h4>\n\n\n\n<p>O tamanho do \u00fatero (altura uterina) \u00e9 outra maneira de termos uma ideia do tempo de gravidez.&nbsp; Isto porque somente ap\u00f3s a 12\u00aa semana da gesta\u00e7\u00e3o \u00e9 poss\u00edvel palpar o \u00fatero logo acima da<a href=\"https:\/\/www.infoescola.com\/sistema-esqueletico\/sinfise-pubiana\/\"> s\u00ednfise p\u00fabica<\/a> (parte frontal do osso da pelve).&nbsp;<\/p>\n\n\n\n<p>J\u00e1 com 16 semanas, o \u00fatero est\u00e1 maior e pode ser palpado entre a s\u00ednfise p\u00fabica e o umbigo. Quando a mulher chega a 20 semanas de gravidez, o \u00fatero encontra-se mais acima, na altura do umbigo.<\/p>\n\n\n\n<h4 class=\"wp-block-heading\">Beta HCG<\/h4>\n\n\n\n<p>O<a href=\"https:\/\/nilofrantz.com.br\/site26\/teste-de-gravidez\/\"> BhCG,<\/a> (Gonadotrofina Cori\u00f4nica Humana) \u00e9 um horm\u00f4nio produzido pelas c\u00e9lulas do<a href=\"https:\/\/www.infoescola.com\/embriologia\/embriao\/\"> embri\u00e3o<\/a> e sua dosagem \u00e9 utilizada para confirmar a gravidez. Atrav\u00e9s dele tamb\u00e9m \u00e9 poss\u00edvel estimar o tempo de gravidez j\u00e1 que aumenta rapidamente, principalmente nas primeiras semanas da gesta\u00e7\u00e3o.<\/p>\n\n\n\n<p><\/p>\n\n\n\n<h2 class=\"wp-block-heading\" class=\"wp-block-heading\" id=\"falar-em-semanas-e-meses-de-gravidez-e-a-mesma-coisa\"><strong>Falar em semanas e meses de gravidez \u00e9 a mesma coisa?<\/strong><\/h2>\n\n\n\n<p>N\u00e3o. Embora a maioria das pessoas se refira ao tempo de gravidez em meses, a forma correta de contar \u00e9 em semanas. Nesse sentido, a contagem mensal \u00e9 uma forma imprecisa j\u00e1 que a dura\u00e7\u00e3o de cada m\u00eas n\u00e3o \u00e9 fixa. Afinal, no<a href=\"https:\/\/www.calendarr.com\/brasil\/calendario-gregoriano\/\"> calend\u00e1rio gregoriano,<\/a> usado na grande maioria dos pa\u00edses ocidentais, os meses variam entre 30 e 31 dias, ou ainda 28 ou 29 no caso de fevereiro<a href=\"https:\/\/brasilescola.uol.com.br\/curiosidades\/ano-bissexto.htm\"> (ano bissexto)<\/a>.&nbsp;<\/p>\n\n\n\n<p>Al\u00e9m disso, h\u00e1 grande diferen\u00e7a no desenvolvimento do feto de uma semana para outra, o que refor\u00e7a a vantagem de se acompanhar a tabela gestacional por semanas.&nbsp;<\/p>\n\n\n\n<p>Por exemplo: o<a href=\"https:\/\/brasilescola.uol.com.br\/o-que-e\/biologia\/o-que-e-zigoto.htm\"> zigoto<\/a> implanta-se na parede do \u00fatero na 3\u00aa semana, o embri\u00e3o passa a ser vis\u00edvel \u00e0 ultrassonografia na 5\u00aa, os olhos surgem na 6\u00aa. Al\u00e9m disso, o futuro beb\u00ea j\u00e1 come\u00e7a a se movimentar na 7\u00aa semana (a m\u00e3e n\u00e3o nota porque ele ainda \u00e9 muito pequeno). Desta forma, quando falamos que uma gestante est\u00e1 no 2\u00ba m\u00eas de gravidez, faz muita diferen\u00e7a saber se ela est\u00e1 na primeira ou na \u00faltima semana.&nbsp;&nbsp;<\/p>\n\n\n\n<p>Veja a equival\u00eancia entre semanas e meses de gesta\u00e7\u00e3o:<\/p>\n\n\n\n<p><\/p>\n\n\n\n<h3 class=\"wp-block-heading\" class=\"wp-block-heading\" id=\"quanto-tempo-dura-uma-gravidez\"><strong>Quanto tempo dura uma gravidez?<\/strong><\/h3>\n\n\n\n<p>Quando falamos em meses e semanas, outra d\u00favida que surge \u00e9 em rela\u00e7\u00e3o a dura\u00e7\u00e3o da gravidez.&nbsp; Nesse sentido, sabemos que a gesta\u00e7\u00e3o dura cerca de 280 dias, que s\u00e3o 40 semanas ou 10<a href=\"https:\/\/pt.wikipedia.org\/wiki\/Calend%C3%A1rio_lunar\"> meses lunares<\/a>. Desta forma, se dividirmos 280 por 30 (para converter em meses) teremos 9,3 meses. Por isso, para haver sincronicidade com as semanas, foi adotado o m\u00eas lunar, que dura 28 dias ou 4 semanas.<\/p>\n\n\n\n<p>Obviamente, o tempo de gesta\u00e7\u00e3o pode variar um pouco de pessoa para pessoa. Sendo assim, o ideal \u00e9 uma gesta\u00e7\u00e3o a termo, que consiste no per\u00edodo da gravidez no qual o beb\u00ea est\u00e1 pronto para nascer, levando em conta o amadurecimento dos \u00f3rg\u00e3os e do sistema respirat\u00f3rio.&nbsp;<\/p>\n\n\n\n<p>Desta forma, at\u00e9 pouco tempo, a gravidez era considerada \u201ctermo\u201d quando o beb\u00ea nascia entre a 37\u00aa a 41 \u00aa semana. Por\u00e9m, baseado em estudos que identificaram varia\u00e7\u00f5es neonatais, esta defini\u00e7\u00e3o foi alterada para 39 semanas completas a 40 semanas e 6 dias de gesta\u00e7\u00e3o. Nesta fase da gesta\u00e7\u00e3o h\u00e1 mais chance dos beb\u00eas serem saud\u00e1veis em compara\u00e7\u00e3o aos nascidos antes ou depois.<\/p>\n\n\n\n<p>Conhe\u00e7a as novas defini\u00e7\u00f5es e nomenclaturas:<\/p>\n\n\n\n<ul class=\"wp-block-list\">\n<li>Gesta\u00e7\u00e3o a termo inicial: 37 semanas e 0 dias at\u00e9 38 semanas e 6 dias<\/li>\n\n\n\n<li>Gesta\u00e7\u00e3o a termo: 39 semanas e 0 dias at\u00e9 40 semanas e 6 dias<\/li>\n\n\n\n<li>Gesta\u00e7\u00e3o a termo tardio: 41 semanas e 0 dias at\u00e9 41 semanas e 6 dias<\/li>\n\n\n\n<li>Gesta\u00e7\u00e3o p\u00f3s-termo: 42 semanas ou mais<\/li>\n<\/ul>\n\n\n\n<p><\/p>\n\n\n\n<p>Assim, os beb\u00eas que nascem antes da 37\u00aa semana s\u00e3o chamados de prematuros. Por outro lado, as gesta\u00e7\u00f5es que ultrapassam 41 semanas s\u00e3o denominadas gesta\u00e7\u00f5es prolongadas.&nbsp;<\/p>\n\n\n\n<p><\/p>\n\n\n\n<h2 class=\"wp-block-heading\" class=\"wp-block-heading\" id=\"exames-e-avaliacoes-por-periodo-gestacional\"><strong>Exames e avalia\u00e7\u00f5es por per\u00edodo gestacional<\/strong><\/h2>\n\n\n\n<p>Durante a gesta\u00e7\u00e3o, \u00e9 fundamental realizar exames peri\u00f3dicos para acompanhar o desenvolvimento do beb\u00ea e garantir a sa\u00fade da m\u00e3e. Cada fase da gravidez exige cuidados espec\u00edficos, e os exames recomendados variam de acordo com o trimestre. Veja abaixo o que \u00e9 avaliado em cada etapa:<\/p>\n\n\n\n<p><strong>1\u00ba trimestre (at\u00e9 13 semanas e 6 dias)<\/strong><\/p>\n\n\n\n<p>Neste in\u00edcio da gesta\u00e7\u00e3o, o foco est\u00e1 na confirma\u00e7\u00e3o da gravidez, avalia\u00e7\u00e3o do embri\u00e3o e detec\u00e7\u00e3o precoce de poss\u00edveis riscos:<\/p>\n\n\n\n<ul class=\"wp-block-list\">\n<li><strong>Ultrassonografia transvaginal:<\/strong> permite visualizar o saco gestacional, o embri\u00e3o e os batimentos card\u00edacos a partir da 6\u00aa semana.<\/li>\n<\/ul>\n\n\n\n<ul class=\"wp-block-list\">\n<li><strong>Exames laboratoriais de rotina: <\/strong>incluem tipagem sangu\u00ednea e fator Rh, hemograma completo, glicemia de jejum, sorologias (HIV, s\u00edfilis, toxoplasmose, hepatites B e C), entre outros.<\/li>\n<\/ul>\n\n\n\n<ul class=\"wp-block-list\">\n<li><strong>Avalia\u00e7\u00e3o da transluc\u00eancia nucal: <\/strong>realizada entre a 11\u00aa e 14\u00aa semanas, este exame de imagem mede a espessura da nuca do feto e pode indicar risco para s\u00edndromes gen\u00e9ticas, como a s\u00edndrome de Down.<\/li>\n<\/ul>\n\n\n\n<p><\/p>\n\n\n\n<p><strong>2\u00ba trimestre (14 a 27 semanas)<\/strong><\/p>\n\n\n\n<p>Nesta fase, o beb\u00ea est\u00e1 em pleno desenvolvimento e come\u00e7am as an\u00e1lises mais detalhadas da sua morfologia e da sa\u00fade metab\u00f3lica da gestante:<\/p>\n\n\n\n<ul class=\"wp-block-list\">\n<li><strong>Ultrassonografia morfol\u00f3gica: <\/strong>realizada entre a 20\u00aa e 24\u00aa semanas, avalia com detalhes a forma\u00e7\u00e3o dos \u00f3rg\u00e3os, membros e estruturas fetais, al\u00e9m de identificar o sexo do beb\u00ea.<\/li>\n<\/ul>\n\n\n\n<ul class=\"wp-block-list\">\n<li><strong>Teste de toler\u00e2ncia \u00e0 glicose (TTG):<\/strong> geralmente feito entre a 24\u00aa e 28\u00aa semanas, \u00e9 fundamental para rastrear o diabetes gestacional.<\/li>\n<\/ul>\n\n\n\n<ul class=\"wp-block-list\">\n<li><strong>Avalia\u00e7\u00e3o da altura uterina:<\/strong> a medida da barriga come\u00e7a a ser feita regularmente para acompanhar o crescimento fetal.<\/li>\n<\/ul>\n\n\n\n<p><\/p>\n\n\n\n<p><strong>3\u00ba trimestre (28 semanas at\u00e9 o parto)<\/strong><\/p>\n\n\n\n<p>Nos \u00faltimos meses, os exames visam avaliar o crescimento do beb\u00ea, seu bem-estar e preparar para o parto:<\/p>\n\n\n\n<ul class=\"wp-block-list\">\n<li><strong>Ultrassonografia de crescimento fetal:<\/strong> verifica o peso estimado, posi\u00e7\u00e3o do beb\u00ea e volume de l\u00edquido amni\u00f3tico.<\/li>\n<\/ul>\n\n\n\n<ul class=\"wp-block-list\">\n<li><strong>Perfil biof\u00edsico fetal: <\/strong>exame que avalia movimentos fetais, t\u00f4nus muscular, respira\u00e7\u00e3o e quantidade de l\u00edquido amni\u00f3tico \u2014 muitas vezes associado \u00e0 cardiotocografia.<\/li>\n<\/ul>\n\n\n\n<ul class=\"wp-block-list\">\n<li><strong>Exames laboratoriais de repeti\u00e7\u00e3o: <\/strong>como sorologias, hemograma e pesquisa de estreptococo do grupo B (entre 35 e 37 semanas).<\/li>\n<\/ul>\n\n\n\n<p><\/p>\n\n\n\n<p>Esses exames s\u00e3o essenciais para um pr\u00e9-natal completo, seguro e personalizado. O acompanhamento m\u00e9dico cont\u00ednuo em cada fase garante mais tranquilidade para a gestante e maior seguran\u00e7a para o beb\u00ea.<\/p>\n\n\n\n<p><\/p>\n\n\n\n<h2 class=\"wp-block-heading\" class=\"wp-block-heading\" id=\"como-calcular-o-provavel-dia-do-parto\"><strong>Como calcular o prov\u00e1vel dia do parto?<\/strong><\/h2>\n\n\n\n<p>Como j\u00e1 vimos, uma das utilidades da tabela gestacional \u00e9 a previs\u00e3o da data prevista para o parto (DPP). Para isso, quando a gestante sabe a data da \u00faltima menstrua\u00e7\u00e3o (DUM), basta contar mais 40 semanas para chegar a estimativa do dia do nascimento do beb\u00ea, como explica a <a href=\"https:\/\/www.instagram.com\/pri_scalco?utm_source=ig_web_button_share_sheet&amp;igsh=ZDNlZDc0MzIxNw==\">Dra. Priscila Scalco<\/a>.&nbsp;<\/p>\n\n\n\n<p>Mesmo sendo apenas uma previs\u00e3o, o objetivo \u00e9 informar a m\u00e3e da \u00e9poca prov\u00e1vel do nascimento, caso a gravidez v\u00e1 at\u00e9 as 40 semanas. Isso embora somente cerca de 5% dos beb\u00eas realmente nas\u00e7am na data estimada no in\u00edcio do pr\u00e9-natal.<\/p>\n\n\n\n<p>Nesse sentido, o obstetra alem\u00e3o<a href=\"https:\/\/pt.wikipedia.org\/w\/index.php?title=Franz_Naegele&amp;action=edit&amp;redlink=1\"> Franz Karl Naegele<\/a> (1778\u20131851) desenvolveu uma forma r\u00e1pida de estimar a DPP, que foi batizada de<a href=\"https:\/\/pt.wikipedia.org\/wiki\/Regra_de_Naegele\"> f\u00f3rmula de Naegele<\/a>:<\/p>\n\n\n\n<p>Saiba como calcular a DPP:<\/p>\n\n\n\n<ul class=\"wp-block-list\">\n<li>Pegue o primeiro dia da sua \u00faltima menstrua\u00e7\u00e3o (DUM) e adicione sete dias;<\/li>\n\n\n\n<li>Diminua tr\u00eas meses;<\/li>\n\n\n\n<li>Some um ano.<\/li>\n<\/ul>\n\n\n\n<p><\/p>\n\n\n\n<p>Exemplo 1:<\/p>\n\n\n\n<ul class=\"wp-block-list\">\n<li>Data da \u00faltima menstrua\u00e7\u00e3o = 05 de Maio de 2025<\/li>\n\n\n\n<li>Some 7 dias = 12 de Maio de 2025<\/li>\n\n\n\n<li>Subtraia 3 meses = 12 de Fevereiro de 2025<\/li>\n\n\n\n<li>Some um ano e obtenha a DPP = 12 de Fevereiro de 2025<\/li>\n<\/ul>\n\n\n\n<p><\/p>\n\n\n\n<p>Exemplo 2:<\/p>\n\n\n\n<ul class=\"wp-block-list\">\n<li>Data da \u00faltima menstrua\u00e7\u00e3o = 02 de Janeiro de 2025<\/li>\n\n\n\n<li>Some 7 dias = 09 de Janeiro de 2025<\/li>\n\n\n\n<li>Subtraia 3 meses = 09 de Outubro de 2025<\/li>\n\n\n\n<li>Some um ano e obtenha a DPP = 09 de Outubro de 2025<\/li>\n<\/ul>\n\n\n\n<p><\/p>\n\n\n\n<h2 class=\"wp-block-heading\" class=\"wp-block-heading\" id=\"como-calcular-semanas-na-tabela-gestacional\"><strong>Como calcular semanas na tabela gestacional?\u00a0<\/strong><\/h2>\n\n\n\n<p>Outra maneira de contar a tabela gestacional e o prov\u00e1vel dia do parto \u00e9 atrav\u00e9s da Calculadora Gestacional. Existem diversas op\u00e7\u00f5es online, mas o objetivo \u00e9 geralmente o mesmo: saber a idade gestacional e a data prevista do nascimento do beb\u00ea.&nbsp; Para tanto, basta inserir os dados dispon\u00edveis e visualizar os resultados.<\/p>\n\n\n\n<ul class=\"wp-block-list\">\n<li><strong>Data da \u00daltima Menstrua\u00e7\u00e3o (ou DUM)<\/strong>: Esse \u00e9 o par\u00e2metro mais utilizado. Conhecendo o primeiro dia da \u00faltima menstrua\u00e7\u00e3o, \u00e9 poss\u00edvel entender o seu ciclo menstrual e&nbsp; determinar&nbsp; os eventos importantes da gravidez.<\/li>\n\n\n\n<li><strong>Data Prov\u00e1vel do Parto (ou DPP)<\/strong>: Quando se sabe a data prevista do nascimento do beb\u00ea, basta inserir esse dia na calculadora. Ela ir\u00e1 informar a idade gestacional, a prov\u00e1vel data da concep\u00e7\u00e3o e outras informa\u00e7\u00f5es sobre a gesta\u00e7\u00e3o. \u00c9 importante explicar que a DPP \u00e9 a data em que se completa as 40 semanas, o que nem sempre garante o nascimento.<\/li>\n\n\n\n<li><strong>Data de um exame anterior (ultrassom):<\/strong>&nbsp; Quando n\u00e3o se sabe o dia da \u00faltima menstrua\u00e7\u00e3o, nem a data prov\u00e1vel do parto, os dados a serem utilizados s\u00e3o os do ultrassom. Mas aten\u00e7\u00e3o, para que o c\u00e1lculo seja mais preciso \u00e9 preciso usar informa\u00e7\u00f5es do primeiro exame. Neste caso, al\u00e9m da data em que a ultrassonografia foi realizada, tamb\u00e9m dever\u00e1 ser inserida na calculadora a idade gestacional que foi estimada no exame.&nbsp;<\/li>\n<\/ul>\n\n\n\n<p><\/p>\n\n\n\n<h3 class=\"wp-block-heading\" class=\"wp-block-heading\" id=\"aplicativos-para-quem-quer-engravidar\"><strong>Aplicativos para quem quer engravidar<\/strong><\/h3>\n\n\n\n<p>Gostaria de saber quais s\u00e3o os aplicativos que podem te acompanhar durante a gesta\u00e7\u00e3o? N\u00f3s fizemos uma curadoria de aplicativos para serem os fi\u00e9is escudeiros das gestantes e tentantes! <\/p>\n\n\n\n<p>Preencha o formul\u00e1rio abaixo e receba por emails as informa\u00e7\u00f5es dos aplicativos e os links para download:<\/p>\n\n\n<div role=\"main\" id=\"form-blog-aplicativos-tentantes-6ff85d206640cfdd5c17\"><\/div>\n<p><script type=\"text\/javascript\" src=\"https:\/\/d335luupugsy2.cloudfront.net\/js\/rdstation-forms\/stable\/rdstation-forms.min.js\"><\/script><script type=\"text\/javascript\"> new RDStationForms('form-blog-aplicativos-tentantes-6ff85d206640cfdd5c17', 'UA-17227594-1').createForm();<\/script><\/p>\n\n\n<p><\/p>\n","protected":false},"excerpt":{"rendered":"<p>Voc\u00ea j\u00e1 ouviu falar em tabela gestacional? Sabe como us\u00e1-la? Pois quando uma mulher descobre que est\u00e1 gr\u00e1vida, muitos questionamentos passam pela sua cabe\u00e7a. Nesse sentido, em meio a tantas emo\u00e7\u00f5es, ela quer logo saber com quantas semanas est\u00e1 de gesta\u00e7\u00e3o, e qual ser\u00e1 a data prov\u00e1vel do parto.&nbsp; Para isso, \u00e9 fundamental que conhe\u00e7a [&hellip;]<\/p>\n","protected":false},"author":15,"featured_media":8691,"comment_status":"open","ping_status":"open","sticky":false,"template":"","format":"standard","meta":{"_acf_changed":false,"footnotes":""},"categories":[18],"tags":[436,434,435,433],"class_list":["post-8689","post","type-post","status-publish","format-standard","has-post-thumbnail","hentry","category-duvidas","tag-como-calcular-o-dia-do-parto","tag-como-funciona-a-tabela-gestacional","tag-gestacao-em-semanas-x-meses","tag-o-que-e-tabela-gestacional"],"acf":[],"_links":{"self":[{"href":"https:\/\/nilofrantz.com.br\/site26\/wp-json\/wp\/v2\/posts\/8689","targetHints":{"allow":["GET"]}}],"collection":[{"href":"https:\/\/nilofrantz.com.br\/site26\/wp-json\/wp\/v2\/posts"}],"about":[{"href":"https:\/\/nilofrantz.com.br\/site26\/wp-json\/wp\/v2\/types\/post"}],"author":[{"embeddable":true,"href":"https:\/\/nilofrantz.com.br\/site26\/wp-json\/wp\/v2\/users\/15"}],"replies":[{"embeddable":true,"href":"https:\/\/nilofrantz.com.br\/site26\/wp-json\/wp\/v2\/comments?post=8689"}],"version-history":[{"count":0,"href":"https:\/\/nilofrantz.com.br\/site26\/wp-json\/wp\/v2\/posts\/8689\/revisions"}],"wp:featuredmedia":[{"embeddable":true,"href":"https:\/\/nilofrantz.com.br\/site26\/wp-json\/wp\/v2\/media\/8691"}],"wp:attachment":[{"href":"https:\/\/nilofrantz.com.br\/site26\/wp-json\/wp\/v2\/media?parent=8689"}],"wp:term":[{"taxonomy":"category","embeddable":true,"href":"https:\/\/nilofrantz.com.br\/site26\/wp-json\/wp\/v2\/categories?post=8689"},{"taxonomy":"post_tag","embeddable":true,"href":"https:\/\/nilofrantz.com.br\/site26\/wp-json\/wp\/v2\/tags?post=8689"}],"curies":[{"name":"wp","href":"https:\/\/api.w.org\/{rel}","templated":true}]}}