{"id":8613,"date":"2021-05-26T09:50:00","date_gmt":"2021-05-26T12:50:00","guid":{"rendered":"https:\/\/nilofrantz.com.br\/site26\/?p=8613"},"modified":"2021-08-24T11:33:50","modified_gmt":"2021-08-24T14:33:50","slug":"doencas-imunologicas","status":"publish","type":"post","link":"https:\/\/nilofrantz.com.br\/site26\/blog\/2021\/05\/26\/doencas-imunologicas\/","title":{"rendered":"Doen\u00e7as imunol\u00f3gicas: conhe\u00e7a os diferentes tipos e sintomas para ficar alerta"},"content":{"rendered":"\n<p>Voc\u00ea j\u00e1 ouviu falar em doen\u00e7as imunol\u00f3gicas? Sabe o que s\u00e3o, suas causas, diagn\u00f3sticos e tratamentos? <\/p>\n\n\n\n<p>No texto a seguir vamos conhecer um pouco mais sobre este amplo universo, que engloba diferentes s\u00edndromes e doen\u00e7as autoimunes.\u00a0<\/p>\n\n\n\n<h2 class=\"wp-block-heading\" class=\"wp-block-heading\" id=\"o-que-sao-doencas-imunologicas\">O que s\u00e3o doen\u00e7as imunol\u00f3gicas?<\/h2>\n\n\n\n<p>As doen\u00e7as imunol\u00f3gicas ocorrem quando o sistema imunol\u00f3gico ataca e destr\u00f3i, por engano, tecidos saud\u00e1veis do corpo. Ou seja, o sistema imune, que deve defender o corpo, confunde c\u00e9lulas normais e saud\u00e1veis com uma poss\u00edvel amea\u00e7a \u00e0 sa\u00fade. Assim, causam, danos ao pr\u00f3prio organismo, sem motivo real.<\/p>\n\n\n\n<p>Nesse sentido, frente a uma &#8220;possibilidade de perigo&#8221;, o corpo libera <a href=\"https:\/\/www.todamateria.com.br\/anticorpos\/\">anticorpos<\/a> que atacam esses componentes de forma equivocada. Al\u00e9m disso, em alguns casos, a capacidade do organismo de combater subst\u00e2ncias verdadeiramente nocivas \u00e9 prejudicada. Logo, o corpo fica mais vulner\u00e1vel \u00e0 infec\u00e7\u00f5es e doen\u00e7as.<\/p>\n\n\n\n<h2 class=\"wp-block-heading\" class=\"wp-block-heading\" id=\"o-que-e-sistema-imunologico\">O que \u00e9 sistema imunol\u00f3gico?<\/h2>\n\n\n\n<p>O sistema imunol\u00f3gico \u00e9 o conjunto de \u00f3rg\u00e3os, tecidos e c\u00e9lulas respons\u00e1veis pela prote\u00e7\u00e3o do corpo. Dessa forma, como um escudo, ele atua no combate a microrganismos invasores <a href=\"https:\/\/www.todamateria.com.br\/antigenos\/\">(ant\u00edgenos)<\/a> como v\u00edrus, bact\u00e9rias, micr\u00f3bios e outros, impedindo assim o desenvolvimento de doen\u00e7as.\u00a0<\/p>\n\n\n\n<p>Quando um agente invasor entra no organismo, ele gera um mecanismo de defesa. Dessa forma, subst\u00e2ncias invasoras s\u00e3o detectadas por c\u00e9lulas chamadas de <a href=\"https:\/\/www.todamateria.com.br\/macrofagos\/\">macr\u00f3fagos<\/a>, que comunicam aos outros componentes do sistema imunol\u00f3gico que h\u00e1 uma invas\u00e3o. Assim, os <a href=\"https:\/\/www.todamateria.com.br\/linfocitos\/\">linf\u00f3citos <\/a>entram em a\u00e7\u00e3o produzindo anticorpos que reconhecem as subst\u00e2ncias invasoras e agem contra elas.<\/p>\n\n\n\n<p>Veja como o sistema imunol\u00f3gico \u00e9 constitu\u00eddo:<\/p>\n\n\n\n<h3 class=\"wp-block-heading\" class=\"wp-block-heading\" id=\"leucocitos\">Leuc\u00f3citos<\/h3>\n\n\n\n<p>Os leuc\u00f3citos s\u00e3o c\u00e9lulas de prote\u00e7\u00e3o fabricadas pela <a href=\"https:\/\/www.minhavida.com.br\/temas\/medula-%C3%B3ssea\">medula \u00f3ssea<\/a> com a fun\u00e7\u00e3o de defender o organismo contra doen\u00e7as, infec\u00e7\u00f5es e alergias. <\/p>\n\n\n\n<p>Tamb\u00e9m chamados de gl\u00f3bulos brancos, os leuc\u00f3citos se dividem em cinco tipos principais: <a href=\"https:\/\/www.tuasaude.com\/linfocitos\/\">linf\u00f3citos<\/a>, <a href=\"https:\/\/escolaeducacao.com.br\/neutrofilos\/\">neutr\u00f3filos<\/a>,<a href=\"https:\/\/minutosaudavel.com.br\/eosinofilos\/\"> eosin\u00f3filos<\/a>, <a href=\"https:\/\/www.todabiologia.com\/citologia\/basofilos.htm\">bas\u00f3filos<\/a> e<a href=\"https:\/\/www.tuasaude.com\/monocitos\/\"> mon\u00f3citos<\/a>. Nesse sentido, cada um desempenha papel diferente na prote\u00e7\u00e3o do organismo.<\/p>\n\n\n\n<h3 class=\"wp-block-heading\" class=\"wp-block-heading\" id=\"linfonodos\">Linfonodos<\/h3>\n\n\n\n<p>S\u00e3o pequenos \u00f3rg\u00e3os presentes em diversos pontos do <a href=\"https:\/\/www.tuasaude.com\/sistema-linfatico\/\">sistema linf\u00e1tico<\/a> que ajudam o sistema imune a funcionar corretamente. Isto acontece pois filtram a linfa, removendo v\u00edrus e bact\u00e9rias que podem representar um risco para o organismo.\u00a0<\/p>\n\n\n\n<h3 class=\"wp-block-heading\" class=\"wp-block-heading\" id=\"linfa\">Linfa<\/h3>\n\n\n\n<p>\u00c9 um l\u00edquido transparente que circula pelos vasos linf\u00e1ticos. Formada por linf\u00f3citos, a linfa \u00e9 filtrada pelos linfonodos e lan\u00e7ada no sangue.<\/p>\n\n\n\n<h3 class=\"wp-block-heading\" class=\"wp-block-heading\" id=\"timo\">Timo<\/h3>\n\n\n\n<p>\u00c9 a gl\u00e2ndula respons\u00e1vel pela matura\u00e7\u00e3o dos linf\u00f3citos. Localizada no centro do peito, entre os pulm\u00f5es e na frente do cora\u00e7\u00e3o, tamb\u00e9m destr\u00f3i c\u00e9lulas anormais, infectadas ou estranhas ao organismo.<\/p>\n\n\n\n<h3 class=\"wp-block-heading\" class=\"wp-block-heading\" id=\"amigdalas\">Am\u00edgdalas<\/h3>\n\n\n\n<p>Localizadas na parte posterior da boca, acima da garganta, as am\u00edgdalas ajudam a desenvolver anticorpos para combater bact\u00e9rias que invadem o organismo pelo ar ou atrav\u00e9s de alimentos.<\/p>\n\n\n\n<h3 class=\"wp-block-heading\" class=\"wp-block-heading\" id=\"adenoides\">Adenoides<\/h3>\n\n\n\n<p>As adenoides s\u00e3o duas pequenas gl\u00e2ndulas compostas por tecido linfoide, semelhantes \u00e0s am\u00edgdalas e aos linfonodos, localizadas no fundo da cavidade nasal. Sua fun\u00e7\u00e3o \u00e9 a produ\u00e7\u00e3o de linf\u00f3citos e anticorpos, ajudando o organismo a se defender de microorganismos que invadem as cavidades nasal e oral.<\/p>\n\n\n\n<h3 class=\"wp-block-heading\" class=\"wp-block-heading\" id=\"baco\">Ba\u00e7o<\/h3>\n\n\n\n<p>O ba\u00e7o \u00e9 um dos \u00f3rg\u00e3os do sistema linf\u00e1tico com fun\u00e7\u00e3o de defesa do organismo e atuante na circula\u00e7\u00e3o do sangue. Nesse sentido, ele filtra o sangue para remover microrganismos, subst\u00e2ncias estranhas e res\u00edduos celulares. Al\u00e9m disso, o ba\u00e7o tamb\u00e9m produz linf\u00f3citos.<\/p>\n\n\n\n<h3 class=\"wp-block-heading\" class=\"wp-block-heading\" id=\"apendice\">Ap\u00eandice<\/h3>\n\n\n\n<p>Localizado no <a href=\"https:\/\/drauziovarella.uol.com.br\/corpo-humano\/ceco\/\">ceco<\/a>, primeira por\u00e7\u00e3o do intestino grosso, o ap\u00eandice \u00e9 uma pequena bolsa, em forma de tubo, que cont\u00e9m c\u00e9lulas linfoides, importantes para ajudar o organismo a combater infec\u00e7\u00f5es.&nbsp;<\/p>\n\n\n\n<h3 class=\"wp-block-heading\" class=\"wp-block-heading\" id=\"placas-de-peyer\">Placas de Peyer<\/h3>\n\n\n\n<p>\u00c9 um ac\u00famulo de linf\u00f3citos presente na mucosa do intestino delgado. Ajuda a combater invasores.<\/p>\n\n\n\n<h2 class=\"wp-block-heading\" class=\"wp-block-heading\" id=\"quais-sao-os-tipos-de-doencas-imunologicas\">Quais s\u00e3o os tipos de doen\u00e7as imunol\u00f3gicas?<\/h2>\n\n\n\n<p>Como vimos, o sistema imunol\u00f3gico deve combater o organismo contra v\u00edrus, fungos, bact\u00e9rias ou subst\u00e2ncias nocivas \u00e0 sa\u00fade como <a href=\"https:\/\/setorsaude.com.br\/os-10-principais-alergenos\/\">al\u00e9rgenos<\/a> e toxinas. Por\u00e9m, quando h\u00e1 alguma falha, ao inv\u00e9s de proteger o corpo, o sistema apresenta rea\u00e7\u00f5es autoimunes.&nbsp;<\/p>\n\n\n\n<p>Veja o que pode desencadear rea\u00e7\u00f5es autoimunes:<\/p>\n\n\n\n<ul class=\"wp-block-list\"><li>Uma subst\u00e2ncia normal do organismo sofre altera\u00e7\u00e3o provocada por um v\u00edrus, um rem\u00e9dio, pela luz solar ou pela radia\u00e7\u00e3o, entre outros, fazendo com que o organismo n\u00e3o a reconhe\u00e7a mais;<\/li><li>Entrada de uma subst\u00e2ncia estranha, como um al\u00e9rgeno inofensivo, pode causar uma rea\u00e7\u00e3o do organismo;<\/li><li>Funcionamento inadequado das c\u00e9lulas que controlam a produ\u00e7\u00e3o de anticorpos, fazendo com que eles atacam as c\u00e9lulas saud\u00e1veis;<\/li><li>Les\u00e3o que causa a libera\u00e7\u00e3o de uma subst\u00e2ncia na corrente sangu\u00ednea, normalmente encontrada em uma parte espec\u00edfica do corpo.<\/li><\/ul>\n\n\n\n<p>De acordo com estudos do Instituto Nacional de Ci\u00eancias da Sa\u00fade Ambiental <a href=\"https:\/\/www.niehs.nih.gov\/?fbclid=IwAR34f2ccD1zQ1XzhfLmuCo7XyPToqeKkcEKP_xv5aBGRHmR5td5P3awWAPw\">(NIEHS)<\/a>, centro de pesquisa americano, j\u00e1 existiam cerca de 100 tipos de doen\u00e7as do sistema imunol\u00f3gico detect\u00e1veis. Nesse sentido, a gravidade vai depender dos \u00f3rg\u00e3os atingidos e da sua intensidade.<\/p>\n\n\n\n<p>Desta forma, as doen\u00e7as s\u00e3o divididas em dois grandes grupos:<\/p>\n\n\n\n<ul class=\"wp-block-list\"><li>Doen\u00e7as sist\u00eamicas: s\u00e3o aquelas que n\u00e3o afetam um \u00f3rg\u00e3o espec\u00edfico, mas podem atacar v\u00e1rios. S\u00e3o exemplos o l\u00fapus, artrite reumatoide, entre outras;<\/li><li>S\u00edndromes locais: de car\u00e1ter dermatol\u00f3gico, hematol\u00f3gico ou end\u00f3crino, atacam um tecido em particular, como \u00e9 o caso da Tireoidite de Hashimoto e Doen\u00e7a de Chron.<\/li><\/ul>\n\n\n\n<h2 class=\"wp-block-heading\" class=\"wp-block-heading\" id=\"quais-sao-as-doencas-imunologicas-mais-comuns\">Quais s\u00e3o as doen\u00e7as imunol\u00f3gicas mais comuns?&nbsp;<\/h2>\n\n\n\n<p>Confira, abaixo, algumas das doen\u00e7as imunol\u00f3gicas mais comuns:<\/p>\n\n\n\n<h3 class=\"wp-block-heading\" class=\"wp-block-heading\" id=\"artrite-reumatoide\">Artrite reumatoide<\/h3>\n\n\n\n<p>A <a href=\"https:\/\/drauziovarella.uol.com.br\/doencas-e-sintomas\/artrite-reumatoide\/\">artrite reumatoide<\/a> \u00e9 uma doen\u00e7a cr\u00f4nica em que o sistema imunol\u00f3gico ataca as articula\u00e7\u00f5es causando inflama\u00e7\u00e3o, vermelhid\u00e3o, rigidez e dor nas articula\u00e7\u00f5es.<\/p>\n\n\n\n<h3 class=\"wp-block-heading\" class=\"wp-block-heading\" id=\"lupus\">L\u00fapus<\/h3>\n\n\n\n<p>Chamado tamb\u00e9m de L\u00fapus Eritematoso Sist\u00eamico, o <a href=\"https:\/\/www.minhavida.com.br\/saude\/temas\/lupus\">L\u00fapus <\/a>\u00e9 uma doen\u00e7a autoimune que causa erup\u00e7\u00f5es cut\u00e2neas. No entanto, n\u00e3o se trata apenas de uma doen\u00e7a de pele, pois afeta diversos \u00f3rg\u00e3os incluindo os rins, o c\u00e9rebro, o cora\u00e7\u00e3o e as articula\u00e7\u00f5es.<\/p>\n\n\n\n<h3 class=\"wp-block-heading\" class=\"wp-block-heading\" id=\"esclerose-multipla\">Esclerose m\u00faltipla<\/h3>\n\n\n\n<p>A <a href=\"https:\/\/www.minhavida.com.br\/saude\/temas\/esclerose-multipla\">esclerose m\u00faltipla<\/a> ocorre quando o sistema imunol\u00f3gico ataca a mielina, que \u00e9 o revestimento das c\u00e9lulas nervosas no nosso organismo. Desta forma, o sistema nervoso \u00e9 prejudicado, afetando a transmiss\u00e3o de sinais nervosos entre o c\u00e9rebro e o resto do corpo.&nbsp;<\/p>\n\n\n\n<p>Por isso, as pessoas com esclerose m\u00faltipla geralmente apresentam problemas de equil\u00edbrio, dificuldade de locomo\u00e7\u00e3o, fraqueza, dorm\u00eancia, e v\u00e1rios outros problemas.<\/p>\n\n\n\n<h3 class=\"wp-block-heading\" class=\"wp-block-heading\" id=\"doenca-de-chron\">Doen\u00e7a de Chron<\/h3>\n\n\n\n<p>A <a href=\"https:\/\/drauziovarella.uol.com.br\/doencas-e-sintomas\/doenca-de-crohn\/\">doen\u00e7a de Chron<\/a> consiste em uma s\u00edndrome intestinal inflamat\u00f3ria cr\u00f4nica que acomete a regi\u00e3o inferior do intestino delgado, o intestino grosso ou ambos simultaneamente. Al\u00e9m disso, pode atingir qualquer parte do trato digestivo.<\/p>\n\n\n\n<h3 class=\"wp-block-heading\" class=\"wp-block-heading\" id=\"vitiligo\">Vitiligo<\/h3>\n\n\n\n<p>O <a href=\"https:\/\/www.sbd.org.br\/dermatologia\/pele\/doencas-e-problemas\/vitiligo\/21\/\">vitiligo<\/a> leva a produ\u00e7\u00e3o inapropriada de anticorpos e <a href=\"https:\/\/pt.wikipedia.org\/wiki\/Linf%C3%B3cito_T\">linf\u00f3citos T<\/a> (um tipo de gl\u00f3bulo branco) contra os <a href=\"https:\/\/www.infoescola.com\/citologia\/melanocito\/\">melan\u00f3citos<\/a>, as c\u00e9lulas respons\u00e1veis pela produ\u00e7\u00e3o de pigmentos de nossa pele.<\/p>\n\n\n\n<h3 class=\"wp-block-heading\" class=\"wp-block-heading\" id=\"psoriase\">Psor\u00edase<\/h3>\n\n\n\n<p>A <a href=\"https:\/\/saude.abril.com.br\/medicina\/psoriase-entenda-o-que-e\/\">psor\u00edase<\/a>, conhecida tamb\u00e9m como artrite psori\u00e1tica, \u00e9 uma doen\u00e7a da pele em que as <a href=\"https:\/\/www.planetabiologico.com.br\/citologia\/o-que-sao-celulas-epiteliais\/\">c\u00e9lulas epiteliais<\/a> crescem de tamanho e depois se desprendem. Isso faz com que as c\u00e9lulas se multipliquem muito mais r\u00e1pido do que o normal, resultando em excesso que podem formar manchas vermelhas e escamas sobre a pele.<\/p>\n\n\n\n<h3 class=\"wp-block-heading\" class=\"wp-block-heading\" id=\"diabetes-tipo-1\">Diabetes tipo 1<\/h3>\n\n\n\n<p>A <a href=\"https:\/\/www.minhavida.com.br\/temas\/diabetes-do-tipo-1\">diabetes do tipo 1<\/a> \u00e9 uma doen\u00e7a autoimune em que as c\u00e9lulas do p\u00e2ncreas s\u00e3o danificadas pelo sistema imune, fazendo com que o \u00f3rg\u00e3o seja incapaz de produzir insulina ou que produza muito pouco. Nesse sentido, a <a href=\"https:\/\/www.tuasaude.com\/insulina\/\">insulina <\/a>\u00e9 um horm\u00f4nio essencial para regular os n\u00edveis de a\u00e7\u00facar no sangue e a falta dele pode deixar o \u00edndice glic\u00eamico constantemente elevado.<\/p>\n\n\n\n<h3 class=\"wp-block-heading\" class=\"wp-block-heading\" id=\"tireoidite-de-hashimoto\">Tireoidite de Hashimoto<\/h3>\n\n\n\n<p>Na <a href=\"https:\/\/drauziovarella.uol.com.br\/doencas-e-sintomas\/tireoidite-de-hashimoto\/\">Tireoidite Hashimoto<\/a>, a produ\u00e7\u00e3o de horm\u00f4nios da tireoide \u00e9 reduzida, causando sintomas como queda de cabelo, fadiga, incha\u00e7o na tireoide, sensibilidade ao frio e aumento de peso.<\/p>\n\n\n\n<h3 class=\"wp-block-heading\" class=\"wp-block-heading\" id=\"doenca-de-graves\">Doen\u00e7a de Graves<\/h3>\n\n\n\n<p>Na <a href=\"https:\/\/www.tuasaude.com\/tratamento-para-doenca-de-graves\/\">doen\u00e7a de Graves<\/a>, o sistema imunol\u00f3gico ataca a gl\u00e2ndula tireoide e interfere na produ\u00e7\u00e3o hormonal. Essa altera\u00e7\u00e3o na produ\u00e7\u00e3o de horm\u00f4nios pode causar sintomas como batimentos card\u00edacos acelerados, perda de peso, nervosismo e intoler\u00e2ncia ao calor.<\/p>\n\n\n\n<h3 class=\"wp-block-heading\" class=\"wp-block-heading\" id=\"doenca-celiaca\">Doen\u00e7a Cel\u00edaca<\/h3>\n\n\n\n<p>A <a href=\"https:\/\/www.minhavida.com.br\/saude\/temas\/doenca-celiaca\">doen\u00e7a cel\u00edaca <\/a>ocorre quando o sistema imunol\u00f3gico ataca o <a href=\"https:\/\/www.tuasaude.com\/gluten\/\">gl\u00faten<\/a> proveniente dos alimentos ingeridos. Assim, pessoas com essa doen\u00e7a n\u00e3o podem consumir qualquer produto que contenha gl\u00faten.<\/p>\n\n\n\n<h3 class=\"wp-block-heading\" class=\"wp-block-heading\" id=\"anemia-perniciosa\">Anemia Perniciosa<\/h3>\n\n\n\n<p>A Anemia Perniciosa \u00e9 uma doen\u00e7a autoimune que afeta uma prote\u00edna chamada <a href=\"https:\/\/pt.wikipedia.org\/wiki\/Fator_intr%C3%ADnseco\">de Fator Intr\u00ednseco<\/a>, respons\u00e1vel por ajudar o intestino a absorver a vitamina B12 presente nos alimentos. A falta de <a href=\"https:\/\/www.tuasaude.com\/vitamina-b12-cobalamina\/\">vitamina B12<\/a> prejudica a s\u00edntese de gl\u00f3bulos vermelhos, o que por sua vez pode prejudicar a absor\u00e7\u00e3o de outros nutrientes e de oxig\u00eanio por v\u00e1rios \u00f3rg\u00e3os do corpo.<\/p>\n\n\n\n<h3 class=\"wp-block-heading\" class=\"wp-block-heading\" id=\"sindrome-de-sjogren\">S\u00edndrome de Sj\u00f6gren<\/h3>\n\n\n\n<p>A <a href=\"https:\/\/www.minhavida.com.br\/saude\/temas\/sindrome-de-sjogren\">s\u00edndrome de Sj\u00f6gren<\/a> \u00e9 outra condi\u00e7\u00e3o de sa\u00fade que afeta as articula\u00e7\u00f5es e as gl\u00e2ndulas que lubrificam os olhos e a boca. Assim, os principais sintomas dessa s\u00edndrome s\u00e3o boca e olhos secos, al\u00e9m de dor nas articula\u00e7\u00f5es.<\/p>\n\n\n\n<h3 class=\"wp-block-heading\" class=\"wp-block-heading\" id=\"sindrome-de-guillain-barre\">S\u00edndrome de Guillain-Barre<\/h3>\n\n\n\n<p>A S\u00edndrome de Guillain-Barr\u00e9 \u00e9 uma doen\u00e7a em que o sistema imune ataca os nervos que controlam os m\u00fasculos das pernas e parte superior do corpo. Desta forma, as pessoas acometidas por essa s\u00edndrome t\u00eam fraqueza muscular nessas regi\u00f5es e outros sintomas que afetam a mobilidade.<\/p>\n\n\n\n<h2 class=\"wp-block-heading\" class=\"wp-block-heading\" id=\"quais-sao-as-principais-causas-das-doencas-imunologicas\">Quais s\u00e3o as principais causas das doen\u00e7as imunol\u00f3gicas?<\/h2>\n\n\n\n<p>N\u00e3o se sabe ao certo porque algo desencadeia uma rea\u00e7\u00e3o autoimune em uma pessoa e n\u00e3o em outra. Por\u00e9m, dados indicam que as doen\u00e7as imunol\u00f3gicas afetam mais as mulheres do que os homens, geralmente na idade f\u00e9rtil entre os 14 e os 44 anos. De acordo com o <a href=\"https:\/\/www.spmi.pt\/nucleo-estudos-doencas-auto-imunes\/\">N\u00facleo de Estudos de Doen\u00e7as Auto-Imunes (NEDAI)<\/a>, o conjunto das doen\u00e7as imunol\u00f3gicas atinge tr\u00eas vezes mais mulheres do que homens.&nbsp;<\/p>\n\n\n\n<p>Al\u00e9m disso, nota-se tamb\u00e9m que algumas dessas doen\u00e7as s\u00e3o mais comuns em grupos \u00e9tnicos espec\u00edficos. Nesse sentido, o L\u00fapus, por exemplo, afeta mais pessoas negras e hisp\u00e2nicas do que os caucasianos.<\/p>\n\n\n\n<p>J\u00e1 o <a href=\"https:\/\/nilofrantz.com.br\/site26\/doencas-geneticas\/\">fator heredit\u00e1rio<\/a> tamb\u00e9m pode explicar o desenvolvimento de uma s\u00edndrome do sistema imunol\u00f3gico. Nestes casos, a <a href=\"https:\/\/nilofrantz.com.br\/site26\/genetica-significado\/\" target=\"_blank\" rel=\"noreferrer noopener\">influ\u00eancia gen\u00e9tica<\/a> torna o portador do gene mais suscet\u00edvel a desenvolver a doen\u00e7a. Ou seja, nessas pessoas, um fator desencadeante como uma infec\u00e7\u00e3o viral ou uma les\u00e3o tecidual, pode dar origem a doen\u00e7as.<\/p>\n\n\n\n<p>Vale ressaltar mais uma vez que as doen\u00e7as imunol\u00f3gicas n\u00e3o t\u00eam causas confirmadas. Por\u00e9m, pesquisadores acreditam que fatores ambientais, inflama\u00e7\u00f5es, estresse, dieta inadequada, infec\u00e7\u00f5es e exposi\u00e7\u00e3o a toxinas podem tamb\u00e9m influenciar na resposta do sistema imunol\u00f3gico.&nbsp;<\/p>\n\n\n\n<h2 class=\"wp-block-heading\" class=\"wp-block-heading\" id=\"quais-sao-os-principais-sintomas-das-doencas-imunologicas\">Quais s\u00e3o os principais sintomas das doen\u00e7as imunol\u00f3gicas?<\/h2>\n\n\n\n<p>Como j\u00e1 falamos, existem cerca de 100 diferentes doen\u00e7as imunol\u00f3gicas, e os sintomas variam de acordo com a doen\u00e7a e com a parte do corpo afetada. Por\u00e9m, alguns sinais s\u00e3o bem caracter\u00edsticos e podem levantar suspeita de que h\u00e1 algum problema. Nesse sentido, \u00e9 importante ficar atento e procurar um m\u00e9dico se notar alguns dos sintomas descritos abaixo:<\/p>\n\n\n\n<h3 class=\"wp-block-heading\" class=\"wp-block-heading\" id=\"inflamacoes\">Inflama\u00e7\u00f5es<\/h3>\n\n\n\n<p>De maneira geral, as inflama\u00e7\u00f5es s\u00e3o sintomas que sugerem uma poss\u00edvel doen\u00e7a autoimune, especialmente quando associadas a dor, deforma\u00e7\u00f5es articulares, fraqueza e dificuldade respirat\u00f3ria. Desta forma, as inflama\u00e7\u00f5es nas articula\u00e7\u00f5es podem indicar <a href=\"https:\/\/www.minhavida.com.br\/saude\/temas\/artrite-reumatoide\">artrite reumatoide<\/a>, assim como inflama\u00e7\u00e3o na pele, nervos, rins, c\u00e9rebro, entre outros, podem ser suspeitas de <a href=\"https:\/\/www.mdsaude.com\/doencas-autoimunes\/sintomas-lupus\/\">L\u00fapus<\/a>.&nbsp;<\/p>\n\n\n\n<h3 class=\"wp-block-heading\" class=\"wp-block-heading\" id=\"dor-abdominal\">Dor abdominal<\/h3>\n\n\n\n<p>A dor abdominal, embora seja um sintoma bastante amplo, pode indicar a presen\u00e7a da Doen\u00e7a de Crohn. Nesse sentido, os principais sinais s\u00e3o: dor abdominal, c\u00f3licas fortes e diarreia cr\u00f4nica acompanhada de sangue. Vale lembrar que esse quadro pode durar dias ou at\u00e9 semanas, embora seja comum que apare\u00e7a em intervalos irregulares ao longo da vida.<\/p>\n\n\n\n<h3 class=\"wp-block-heading\" class=\"wp-block-heading\" id=\"dificuldade-de-equilibrio-e-coordenacao\">Dificuldade de equil\u00edbrio e coordena\u00e7\u00e3o<\/h3>\n\n\n\n<p>A dificuldade de coordena\u00e7\u00e3o e equil\u00edbrio mostram sinais de uma poss\u00edvel esclerose m\u00faltipla, doen\u00e7a cr\u00f4nica, neurol\u00f3gica e autoimune. Al\u00e9m disso, as pessoas tamb\u00e9m podem apresentar tremores, vertigem e instabilidade para caminhar.<\/p>\n\n\n\n<h3 class=\"wp-block-heading\" class=\"wp-block-heading\" id=\"vermelhidao-na-pele\">Vermelhid\u00e3o na pele<\/h3>\n\n\n\n<p>A vermelhid\u00e3o na pele, especialmente na face, sobre a ponta do nariz e nas bochechas pode indicar a presen\u00e7a de<a href=\"https:\/\/www.mdsaude.com\/doencas-autoimunes\/lupus-eritematoso-sistemico\/\"> l\u00fapus eritematoso<\/a>. Al\u00e9m disso, a vermelhid\u00e3o na pele em qualquer regi\u00e3o do corpo, que evolui para bolhas com pus, pode ser sinal de <a href=\"https:\/\/www.sbd.org.br\/dermatologia\/pele\/doencas-e-problemas\/psoriase\/18\/\">psor\u00edase pustulosa<\/a>.<\/p>\n\n\n\n<p>Conhe\u00e7a, na imagem abaixo, alguns sintomas que podem indicar uma doen\u00e7a autoimune:<\/p>\n\n\n\n<div class=\"wp-block-image\"><figure class=\"aligncenter\"><img decoding=\"async\" src=\"https:\/\/lh4.googleusercontent.com\/fP6DwP9RmLlI8-gh2uppjkA7eG28mqEpP981j0dxF7iAl5Kh5W2VpQDaKBLv0r7djoEaEKRCNRFKcO-D3mdTU4z_qvQhpy6dj867RHB1P2XNJBTiqWc6UaQYZ1kJCyo9j2psk3CD\" alt=\"sintomas de alerta para doen\u00e7as autoimune\"\/><\/figure><\/div>\n\n\n\n<h2 class=\"wp-block-heading\" class=\"wp-block-heading\" id=\"existe-tratamento-para-doencas-imunologicas\">Existe tratamento para doen\u00e7as imunol\u00f3gicas?<\/h2>\n\n\n\n<p>Embora n\u00e3o exista cura para as doen\u00e7as imunol\u00f3gicas, algumas vezes elas desaparecem inexplicavelmente, da mesma forma como apareceram. Por\u00e9m, a maioria das s\u00edndromes autoimunes s\u00e3o cr\u00f4nicas, e portanto, o tratamento para controlar os sintomas acontecem durante toda a vida. Nesse sentido, cada doen\u00e7a apresenta sintomas espec\u00edficos, e por isso, a conduta depende de cada caso, e geralmente \u00e9 feito com uso de medicamentos.<\/p>\n\n\n\n<p>Dessa forma, ter um diagn\u00f3stico s\u00f3lido \u00e9 fundamental para determinar qual o melhor tratamento. Nesse sentido, n\u00e3o existe um exame \u00fanico para diagnosticar a maior parte das doen\u00e7as autoimunes, assim, \u00e9 necess\u00e1rio a realiza\u00e7\u00e3o de alguns testes.\u00a0<\/p>\n\n\n\n<p>Na suspeita de alguma doen\u00e7a imunol\u00f3gica, o m\u00e9dico come\u00e7a a investiga\u00e7\u00e3o com o <a href=\"https:\/\/pt.wikipedia.org\/wiki\/Anticorpo_antinuclear\">teste de anticorpo antinuclear.<\/a> Quando o resultado \u00e9 positivo, indica que h\u00e1 uma doen\u00e7a em curso, mas o exame n\u00e3o \u00e9 capaz de identificar qual delas \u00e9. Por isso, o especialista provavelmente tamb\u00e9m solicitar\u00e1 exames de sangue para verificar os n\u00edveis de inflama\u00e7\u00e3o no organismo, al\u00e9m de outros testes que identificam anticorpos espec\u00edficos.<\/p>\n\n\n\n<p>Vale lembrar que as doen\u00e7as do sistema imunol\u00f3gico podem atingir diferentes \u00f3rg\u00e3os, tecidos e partes do corpo. Por isso, diversos m\u00e9dicos e especialistas est\u00e3o aptos a tratar os pacientes, entre eles:&nbsp;<\/p>\n\n\n\n<ul class=\"wp-block-list\"><li>Reumatologistas;<\/li><li>Endocrinologistas;<\/li><li>Dermatologistas;<\/li><li>Gastroenterologistas;<\/li><li>Nefrologistas;<\/li><li>Neurologistas;<\/li><li>Hematologistas;<\/li><li>Fisioterapeutas;<\/li><li>Terapeutas.<\/li><\/ul>\n\n\n\n<h2 class=\"wp-block-heading\" class=\"wp-block-heading\" id=\"possuo-uma-doenca-imunologica-terei-dificuldades-para-engravidar\">Possuo uma doen\u00e7a imunol\u00f3gica. Terei dificuldades para engravidar?<\/h2>\n\n\n\n<p>A rela\u00e7\u00e3o entre doen\u00e7as imunol\u00f3gicas e <a href=\"https:\/\/nilofrantz.com.br\/site26\/entenda-os-parametros-analisados-no-diagnostico-de-infertilidade-feminina\/\">infertilidade<\/a> \u00e9 algo cada vez mais reconhecida, especialmente nos casos de dificuldade para engravidar sem motivo aparente. Nesse sentido, sabe-se que cerca de 10 a 15% dos casais que desejam ter filhos sofrem de infertilidade, sendo que desses, pelo menos 10% t\u00eam causas desconhecidas.&nbsp;<\/p>\n\n\n\n<p>Desta forma, tentativas de achar respostas para a infertilidade inexplicada tem avaliado o papel da imunidade na fal\u00eancia reprodutiva. Nesse sentido, doen\u00e7as como Tiroidite Autoimune, L\u00fapus Eritematoso Sist\u00eamico e S\u00edndrome Antifosfolip\u00eddico vem sendo investigadas e mostram poss\u00edveis associa\u00e7\u00f5es com a fal\u00eancia da reprodu\u00e7\u00e3o.&nbsp;<\/p>\n\n\n\n<p>Assim, estudos indicam que o fator imunol\u00f3gico pode influenciar mecanismos da reprodu\u00e7\u00e3o como a fal\u00eancia ov\u00e1rica prematura, implanta\u00e7\u00e3o embrion\u00e1ria e <a href=\"https:\/\/nilofrantz.com.br\/site26\/aborto-de-repeticao\/\">abortos de repeti\u00e7\u00e3o<\/a>. Al\u00e9m disso, pode causar insucesso nas tentativas de <a href=\"https:\/\/nilofrantz.com.br\/site26\/gravidez\/\">gravidez<\/a> espont\u00e2nea, na <a href=\"https:\/\/nilofrantz.com.br\/site26\/o-que-e-e-como-funciona-a-inseminacao-artificial\/\">Insemina\u00e7\u00e3o Intrauterina<\/a> e na <a href=\"https:\/\/nilofrantz.com.br\/site26\/5-principais-duvidas-sobre-a-fertilizacao-in-vitro\/\">Fertiliza\u00e7\u00e3o<em> In Vitro<\/em><\/a>.&nbsp;<\/p>\n\n\n\n<p>Por tudo isso, \u00e9 poss\u00edvel que a mulher portadora de doen\u00e7a autoimune, dependendo da s\u00edndrome, tenha mais dificuldades para engravidar, mas isso n\u00e3o quer dizer que n\u00e3o aconte\u00e7a. Nesse sentido, \u00e9 importante conversar com o especialista e seguir todas as orienta\u00e7\u00f5es para tratar e controlar o problema. Felizmente, hoje em dia j\u00e1 existem tratamentos para a infertilidade que possibilitam uma gravidez \u00e0 mulher com doen\u00e7as imunol\u00f3gicas.<\/p>\n\n\n\n<p>E quem tem HIV pode ter filhos? Descubra a resposta a essa pergunta baixando o nosso <a href=\"https:\/\/conteudo.nilofrantz.com.br\/dezembro-vermelho-quem-tem-hiv-pode-ter-filhos\">e-book gratuito!<\/a><\/p>\n\n\n\n<figure class=\"wp-block-image size-large\"><a href=\"https:\/\/conteudo.nilofrantz.com.br\/dezembro-vermelho-quem-tem-hiv-pode-ter-filhos\"><img fetchpriority=\"high\" decoding=\"async\" width=\"1024\" height=\"411\" src=\"https:\/\/nilofrantz.com.br\/site26\/wp-content\/uploads\/2020\/12\/Site.png\" alt=\"ebook Dezembro Vermelho: Quem tem HIV pode ter filhos\" class=\"wp-image-8338\" srcset=\"https:\/\/nilofrantz.com.br\/site26\/wp-content\/uploads\/2020\/12\/Site.png 1024w, https:\/\/nilofrantz.com.br\/site26\/wp-content\/uploads\/2020\/12\/Site-300x120.png 300w, https:\/\/nilofrantz.com.br\/site26\/wp-content\/uploads\/2020\/12\/Site-768x308.png 768w\" sizes=\"(max-width: 1024px) 100vw, 1024px\" \/><\/a><\/figure>\n","protected":false},"excerpt":{"rendered":"<p>Voc\u00ea j\u00e1 ouviu falar em doen\u00e7as imunol\u00f3gicas? Sabe o que s\u00e3o, suas causas, diagn\u00f3sticos e tratamentos? No texto a seguir vamos conhecer um pouco mais sobre este amplo universo, que engloba diferentes s\u00edndromes e doen\u00e7as autoimunes.\u00a0 O que s\u00e3o doen\u00e7as imunol\u00f3gicas? As doen\u00e7as imunol\u00f3gicas ocorrem quando o sistema imunol\u00f3gico ataca e destr\u00f3i, por engano, tecidos [&hellip;]<\/p>\n","protected":false},"author":12,"featured_media":8614,"comment_status":"open","ping_status":"open","sticky":false,"template":"","format":"standard","meta":{"_acf_changed":false,"footnotes":""},"categories":[19],"tags":[388,390,386,387,389],"class_list":["post-8613","post","type-post","status-publish","format-standard","has-post-thumbnail","hentry","category-fertilidade","tag-doencas-autoimunes-mais-comuns","tag-doencas-imunologicas-e-a-fertilidade","tag-o-que-sao-doencas-imunologicas","tag-tipos-de-doencas-imunologicas","tag-tratamentos-para-doencas-imunologicas"],"acf":[],"_links":{"self":[{"href":"https:\/\/nilofrantz.com.br\/site26\/wp-json\/wp\/v2\/posts\/8613","targetHints":{"allow":["GET"]}}],"collection":[{"href":"https:\/\/nilofrantz.com.br\/site26\/wp-json\/wp\/v2\/posts"}],"about":[{"href":"https:\/\/nilofrantz.com.br\/site26\/wp-json\/wp\/v2\/types\/post"}],"author":[{"embeddable":true,"href":"https:\/\/nilofrantz.com.br\/site26\/wp-json\/wp\/v2\/users\/12"}],"replies":[{"embeddable":true,"href":"https:\/\/nilofrantz.com.br\/site26\/wp-json\/wp\/v2\/comments?post=8613"}],"version-history":[{"count":0,"href":"https:\/\/nilofrantz.com.br\/site26\/wp-json\/wp\/v2\/posts\/8613\/revisions"}],"wp:featuredmedia":[{"embeddable":true,"href":"https:\/\/nilofrantz.com.br\/site26\/wp-json\/wp\/v2\/media\/8614"}],"wp:attachment":[{"href":"https:\/\/nilofrantz.com.br\/site26\/wp-json\/wp\/v2\/media?parent=8613"}],"wp:term":[{"taxonomy":"category","embeddable":true,"href":"https:\/\/nilofrantz.com.br\/site26\/wp-json\/wp\/v2\/categories?post=8613"},{"taxonomy":"post_tag","embeddable":true,"href":"https:\/\/nilofrantz.com.br\/site26\/wp-json\/wp\/v2\/tags?post=8613"}],"curies":[{"name":"wp","href":"https:\/\/api.w.org\/{rel}","templated":true}]}}