{"id":8453,"date":"2021-02-24T09:50:00","date_gmt":"2021-02-24T12:50:00","guid":{"rendered":"https:\/\/nilofrantz.com.br\/site26\/?p=8453"},"modified":"2023-11-27T11:25:29","modified_gmt":"2023-11-27T14:25:29","slug":"doencas-geneticas","status":"publish","type":"post","link":"https:\/\/nilofrantz.com.br\/site26\/blog\/2021\/02\/24\/doencas-geneticas\/","title":{"rendered":"Doen\u00e7as gen\u00e9ticas: saiba tudo sobre o assunto"},"content":{"rendered":"\n<p>Voc\u00ea j\u00e1 ouviu falar em doen\u00e7as gen\u00e9ticas? Pois saiba que muito al\u00e9m da cor dos olhos, da pele ou de outra caracter\u00edstica f\u00edsica <a href=\"https:\/\/brasilescola.uol.com.br\/o-que-e\/biologia\/o-que-e-fenotipo.htm\">(fenot\u00edpica)<\/a> de nossos familiares, tamb\u00e9m carregamos a <a href=\"https:\/\/www.coc.com.br\/blog\/soualuno\/biologia\/genotipo-e-fenotipo-qual-a-diferenca\">heran\u00e7a genot\u00edpica<\/a> de nossos pais e av\u00f3s? Desta forma, atrav\u00e9s de altera\u00e7\u00f5es nos <a href=\"https:\/\/nilofrantz.com.br\/site26\/dna-caracteristicas-e-funcoes\/#0\">genes do DNA<\/a> de nossos ancestrais, podemos ainda herdar doen\u00e7as gen\u00e9ticas que transmitem de gera\u00e7\u00e3o para gera\u00e7\u00e3o.<\/p>\n\n\n\n<p>Nesse sentido, este texto vai tratar tudo sobre o assunto: o que s\u00e3o doen\u00e7as gen\u00e9ticas, como acontece o seu diagn\u00f3stico, quais s\u00e3o os dist\u00farbios raros e os mais comuns, e se existe alguma possibilidade de tratamento.<\/p>\n\n\n\n<h2 class=\"wp-block-heading\" class=\"wp-block-heading\" id=\"o-que-sao-doencas-geneticas\">O que s\u00e3o doen\u00e7as gen\u00e9ticas?<\/h2>\n\n\n\n<p>As doen\u00e7as gen\u00e9ticas se definem como altera\u00e7\u00f5es na sequ\u00eancia de alguns genes que fazem parte do DNA. Desta forma, estas muta\u00e7\u00f5es alteram <a href=\"https:\/\/pplware.sapo.pt\/ciencia\/do-dna-a-proteina-sintetizadas-proteinas\/\">a estrutura de uma prote\u00edna <\/a>e, consequentemente, causam <a href=\"https:\/\/www.mva.fm.unb.br\/exposicao\/anomalias-anatomicas\">anomalias anat\u00f4micas<\/a> e <a href=\"https:\/\/www.portaleducacao.com.br\/conteudo\/artigos\/educacao-fisica\/fundamentos-de-anatomia-e-fisiologia\/51990\">fisiol\u00f3gicas <\/a>no corpo humano. Sendo assim, qualquer erro ou dano em um gene pode desencadear uma doen\u00e7a gen\u00e9tica.<\/p>\n\n\n\n<p>Portanto, como herdamos o material gen\u00e9tico de nossos pais, as doen\u00e7as gen\u00e9ticas, em geral, caracterizam-se pela transmiss\u00e3o de gera\u00e7\u00e3o em gera\u00e7\u00e3o. No Brasil, estima-se que <a href=\"https:\/\/genotyping.com.br\/geneticas-e-hereditarias-doencas-raras-atingem-13-milhoes-de-pessoas-no-brasil\/\">13 milh\u00f5es de pessoas apresentem doen\u00e7as raras<\/a>. Todavia, de acordo com a Organiza\u00e7\u00e3o Mundial da Sa\u00fade (OMS), a incid\u00eancia de uma doen\u00e7a gen\u00e9tica no mundo \u00e9 de menos de uma pessoa para cada dois mil nascidos vivos.<\/p>\n\n\n\n<h3 class=\"wp-block-heading\" class=\"wp-block-heading\" id=\"toda-doenca-genetica-e-herdada\">\ufeffToda doen\u00e7a gen\u00e9tica \u00e9 herdada?<\/h3>\n\n\n\n<p>Como j\u00e1 vimos, as doen\u00e7as gen\u00e9ticas s\u00e3o aquelas que envolvem altera\u00e7\u00f5es no material gen\u00e9tico e podem possuir o car\u00e1ter heredit\u00e1rio, sendo repassadas de pais para filhos.<\/p>\n\n\n\n<p>Entretanto, nem toda doen\u00e7a gen\u00e9tica \u00e9 heredit\u00e1ria. Um exemplo \u00e9 o <a href=\"https:\/\/www.inca.gov.br\/o-que-e-cancer\">c\u00e2ncer, <\/a>que \u00e9 causado por altera\u00e7\u00f5es no material gen\u00e9tico, mas n\u00e3o possui transmiss\u00e3o dos descendentes. No entanto, sabe-se que o crescimento agressivo e desordenado das c\u00e9lulas causam a forma\u00e7\u00e3o de tumores que podem se espalhar por diversas regi\u00f5es do corpo.&nbsp;<\/p>\n\n\n\n<p>Nesse sentido, n\u00e3o existe apenas uma explica\u00e7\u00e3o para estas altera\u00e7\u00f5es. Desta forma, a <a href=\"\/\/www.inca.gov.br\/causas-e-prevencao\/o-que-causa-cancer\" target=\"_blank\" rel=\"noreferrer noopener\">causa do c\u00e2ncer<\/a> \u00e9 multifatorial e pode estar relacionada a fatores individuais, ambientais, ao uso de medica\u00e7\u00e3o, ao estilo de vida e exposi\u00e7\u00e3o ao sol. Outras poss\u00edveis raz\u00f5es podem estar ligadas \u00e0 predisposi\u00e7\u00e3o gen\u00e9tica e a altera\u00e7\u00f5es hormonais.&nbsp;<\/p>\n\n\n\n<h2 class=\"wp-block-heading\" class=\"wp-block-heading\" id=\"quais-sao-os-tipos-de-doencas-geneticas\">Quais s\u00e3o os tipos de doen\u00e7as gen\u00e9ticas?<\/h2>\n\n\n\n<p>As anomalias ou doen\u00e7as gen\u00e9ticas s\u00e3o defeitos causados no DNA, ou seja, na informa\u00e7\u00e3o gen\u00e9tica do indiv\u00edduo. Sendo assim, estas altera\u00e7\u00f5es podem causar disfun\u00e7\u00f5es metab\u00f3licas ou f\u00edsicas.&nbsp;<\/p>\n\n\n\n<p>Nesse sentido, existem tr\u00eas tipos de doen\u00e7as gen\u00e9ticas: as monog\u00eanicas, as cromoss\u00f4micas e as multifatoriais. Confira as caracter\u00edsticas de cada uma delas:<\/p>\n\n\n\n<h3 class=\"wp-block-heading\" class=\"wp-block-heading\" id=\"monogenenicas-mendelianas\">Monogen\u00eanicas\/mendelianas<\/h3>\n\n\n\n<p>Doen\u00e7as monog\u00eanicas ou mendelianas acontecem quando a causa prim\u00e1ria \u00e9 atribu\u00edda a uma \u00fanica variante gen\u00e9tica. Ou seja, h\u00e1 altera\u00e7\u00e3o na sequ\u00eancia de DNA de um \u00fanico gene.<\/p>\n\n\n\n<p>De acordo com a Organiza\u00e7\u00e3o Mundial da Sa\u00fade (OMS), <a href=\"https:\/\/www.igenomix.com.br\/blog\/por-que-e-necessario-conhecer-a-alteracao-genetica-para-realizar-o-estudo-do-embriao\/\">existem aproximadamente 10 mil dist\u00farbios monog\u00eanicos conhecidos<\/a>. Embora muitos sejam individualmente raros, a preval\u00eancia deles no nascimento \u00e9 de aproximadamente 1%. Al\u00e9m disso, este tipo de doen\u00e7a gen\u00e9tica representa quase 20% dos casos de mortalidade pedi\u00e1trica em pa\u00edses mais desenvolvidos.&nbsp;<\/p>\n\n\n\n<p>Entre exemplos de doen\u00e7as deste grupo est\u00e3o:<\/p>\n\n\n\n<ul class=\"wp-block-list\"><li><a href=\"https:\/\/www.blog.saude.gov.br\/index.php\/promocao-da-saude\/53596-dia-nacional-de-luta-pelos-direitos-das-pessoas-com-doenca-falciforme\" target=\"_blank\" rel=\"noreferrer noopener\">Anemia falciforme<\/a>;<\/li><li><a href=\"\/\/www.petlove.com.br\/conteudo\/saude\/doencas\/miotonia-congenita\" target=\"_blank\" rel=\"noreferrer noopener\">Distrofia miot\u00f4nica;<\/a><\/li><li><a href=\"\/\/drauziovarella.uol.com.br\/doencas-e-sintomas\/distrofia-de-duchenne\/\" target=\"_blank\" rel=\"noreferrer noopener\">Distrofia muscular de Duchene;<\/a><\/li><li><a href=\"\/\/abh.org.br\/o-que-e-doenca-de-huntington\/\" target=\"_blank\" rel=\"noreferrer noopener\">Doen\u00e7a de Huntington;<\/a><\/li><li><a href=\"\/\/www.msdmanuals.com\/pt-pt\/casa\/problemas-de-sa%C3%BAde-infantil\/dist%C3%BArbios-metab%C3%B3licos-heredit%C3%A1rios\/doen%C3%A7a-de-tay-sachs-e-doen%C3%A7a-de-sandhoff\" target=\"_blank\" rel=\"noreferrer noopener\">Doen\u00e7a de Tay-Sachs;<\/a><\/li><li><a href=\"\/\/www.minhavida.com.br\/saude\/temas\/fenilcetonuria\" target=\"_blank\" rel=\"noreferrer noopener\">Fenilceton\u00faria<\/a>;<\/li><li><a href=\"https:\/\/www.ghente.org\/ciencia\/genetica\/fibrose_cistica.htm\" target=\"_blank\" rel=\"noreferrer noopener\">Fibrose c\u00edstica;<\/a><\/li><li><a href=\"\/\/nilofrantz.com.br\/site26\/hemofilia\/\" target=\"_blank\" rel=\"noreferrer noopener\">Hemofilia A;<\/a><\/li><li><a href=\"https:\/\/www.ahfcolesterol.org\/prevencao-e-tratamento\/o-que-e-a-hipercolesterolemia-familiar-parte-1-3\/\" target=\"_blank\" rel=\"noreferrer noopener\">Hipercolesterolemia familiar;<\/a><\/li><li><a href=\"\/\/www.abrasta.org.br\/o-que-e\/\" target=\"_blank\" rel=\"noreferrer noopener\">Talassemia;<\/a><\/li><li><a href=\"\/\/drauziovarella.uol.com.br\/doencas-e-sintomas\/sindrome-do-x-fragil\/\" target=\"_blank\" rel=\"noreferrer noopener\">S\u00edndrome do X Fr\u00e1gil;<\/a><\/li><li><a href=\"\/\/pebmed.com.br\/sindrome-de-marfan-tudo-que-voce-precisa-saber\/\" target=\"_blank\" rel=\"noreferrer noopener\">S\u00edndrome de Marfan<\/a>.<\/li><\/ul>\n\n\n\n<h3 class=\"wp-block-heading\" class=\"wp-block-heading\" id=\"cromossomicas\">Cromoss\u00f4micas<\/h3>\n\n\n\n<p>As doen\u00e7as cromoss\u00f4micas acontecem quando os cromossomos de um indiv\u00edduo sofrem modifica\u00e7\u00f5es em sua estrutura e n\u00famero. Nesse sentido, \u00e9 importante informar que a esp\u00e9cie humana possui 23 pares de cromossomos. <\/p>\n\n\n\n<p>Portanto, cada par possui a informa\u00e7\u00e3o gen\u00e9tica do pai e da m\u00e3e (totalizando 46 cromossomos). Assim, caso haja a falta ou o excesso de um par, surge uma doen\u00e7a gen\u00e9tica.<\/p>\n\n\n\n<p>Podemos destacar neste grupo doen\u00e7as como:<\/p>\n\n\n\n<ul class=\"wp-block-list\"><li><a href=\"\/\/drauziovarella.uol.com.br\/doencas-e-sintomas\/sindrome-de-down\/\" target=\"_blank\" rel=\"noreferrer noopener\">S\u00edndrome de Down (trissomia 21)<\/a>;<\/li><li><a href=\"\/\/www.minhavida.com.br\/saude\/temas\/sindrome-de-turner\" target=\"_blank\" rel=\"noreferrer noopener\">S\u00edndrome de Turner (trissomia 18)<\/a>;<\/li><li><a href=\"\/\/www.diagnosticosdobrasil.com.br\/artigo\/sindrome-de-patau\" target=\"_blank\" rel=\"noreferrer noopener\">S\u00edndrome de Patau (trissomia 13)<\/a>;<\/li><li><a href=\"https:\/\/www.ghente.org\/ciencia\/genetica\/cri-du-chat.htm\" target=\"_blank\" rel=\"noreferrer noopener\">S\u00edndrome de Cri-du-chat<\/a>;<\/li><li><a href=\"https:\/\/www.ghente.org\/ciencia\/genetica\/klinefelter.htm\" target=\"_blank\" rel=\"noreferrer noopener\">S\u00edndrome de Klinefelter<\/a>;<\/li><li><a href=\"\/\/muitossomosraros.com.br\/doencas-raras\/geneticas\/anomalias-congenitas-ou-de-manifestacao-tardia\/sindrome-de-wolf-hirschhorn\/\" target=\"_blank\" rel=\"noreferrer noopener\">S\u00edndrome de Wolf-Hirschhorn<\/a>;<\/li><li><a href=\"https:\/\/www.ghente.org\/ciencia\/genetica\/xyy.htm\" target=\"_blank\" rel=\"noreferrer noopener\">S\u00edndrome do XYY<\/a>.<\/li><\/ul>\n\n\n\n<h3 class=\"wp-block-heading\" class=\"wp-block-heading\" id=\"multifatoriais-poligenicas\">Multifatoriais\/polig\u00eanicas<\/h3>\n\n\n\n<p>As doen\u00e7as multifatoriais ou polig\u00eanicas tem causa por uma combina\u00e7\u00e3o de fatores ambientais e muta\u00e7\u00f5es de v\u00e1rios genes.<\/p>\n\n\n\n<p>Sendo assim, h\u00e1bitos de vida podem contribuir para o aparecimento destas doen\u00e7as. Um exemplo \u00e9 o aparecimento de doen\u00e7as card\u00edacas em pacientes que, al\u00e9m dos fatores gen\u00e9ticos, possuem h\u00e1bitos como o tabagismo e o sedentarismo.&nbsp;<\/p>\n\n\n\n<p>Al\u00e9m disso, podemos tamb\u00e9m destacar neste grupo doen\u00e7as como:<\/p>\n\n\n\n<ul class=\"wp-block-list\"><li><a href=\"\/\/www.minhavida.com.br\/saude\/temas\/asma\" target=\"_blank\" rel=\"noreferrer noopener\">Asma<\/a>;<\/li><li><a href=\"\/\/pt.wikipedia.org\/wiki\/Doen%C3%A7a_autoimune\" target=\"_blank\" rel=\"noreferrer noopener\">Doen\u00e7as autoimunes<\/a>;<\/li><li><a href=\"\/\/pt.wikipedia.org\/wiki\/Cancer\" target=\"_blank\" rel=\"noreferrer noopener\">C\u00e2ncer<\/a>;<\/li><li><a href=\"\/\/www.minhavida.com.br\/saude\/temas\/diabetes\" target=\"_blank\" rel=\"noreferrer noopener\">Diabetes<\/a>;<\/li><li><a href=\"\/\/www.h9j.com.br\/pt\/pacientes-e-visitantes\/doenca-inflamatoria-intestinal\" target=\"_blank\" rel=\"noreferrer noopener\">Doen\u00e7a inflamat\u00f3ria intestinal<\/a>;<\/li><li><a href=\"\/\/www.rededorsaoluiz.com.br\/doencas\/alzheimer\" target=\"_blank\" rel=\"noreferrer noopener\">Mal de Alzheimer<\/a>;<\/li><li><a href=\"https:\/\/zellosaude.app\/hipertensao-o-que-e-quais-os-tipos-e-como-controlar\/\">Hipertens\u00e3o<\/a>;<\/li><li><a href=\"\/\/www.paho.org\/pt\/topicos\/transtornos-mentais\" target=\"_blank\" rel=\"noreferrer noopener\">Doen\u00e7as mentais<\/a>;<\/li><li><a href=\"\/\/www.endocrino.org.br\/o-que-e-obesidade\/\" target=\"_blank\" rel=\"noreferrer noopener\">Obesidade<\/a>;<\/li><li><a href=\"\/\/oftalmo.com.br\/voce-sabe-o-que-sao-ametropias\/\" target=\"_blank\" rel=\"noreferrer noopener\">Ametropia<\/a>;<\/li><li><a href=\"\/\/nilofrantz.com.br\/site26\/entenda-como-funciona-o-diagnostico-da-investigacao-de-infertilidade-na-nilo-frantz\/\" target=\"_blank\" rel=\"noreferrer noopener\">Infertilidade<\/a>;<\/li><li><a href=\"\/\/blog.conforpes.com.br\/dr-responde\/o-que-e-malformacao-congenita\/\" target=\"_blank\" rel=\"noreferrer noopener\">Malforma\u00e7\u00f5es cong\u00eanitas<\/a>;<\/li><\/ul>\n\n\n\n<h2 class=\"wp-block-heading\" class=\"wp-block-heading\" id=\"como-as-doencas-geneticas-sao-diagnosticadas\">Como as doen\u00e7as gen\u00e9ticas s\u00e3o diagnosticadas?<\/h2>\n\n\n\n<p>Devido \u00e0 grande variedade de doen\u00e7as gen\u00e9ticas conhecidas, o diagn\u00f3stico \u00e9 amplamente diverso. Nesse sentido, \u00e9 poss\u00edvel verificar algumas doen\u00e7as ainda durante a gravidez, com <a href=\"\/\/nilofrantz.com.br\/site26\/exames-gestacionais\/\" target=\"_blank\" rel=\"noreferrer noopener\">exames gestacionais<\/a>. Sendo assim, eles podem ser n\u00e3o invasivos, como o <a href=\"\/\/www.fleurygenomica.com.br\/blog\/noticias\/nipt-o-que-e\" target=\"_blank\" rel=\"noreferrer noopener\">NIPT <\/a>(que coleta uma amostra de sangue). Por sua vez, tamb\u00e9m podem ser considerados invasivos, como a <a href=\"\/\/www.fetalmed.net\/o-que-e-amniocentese\/\" target=\"_blank\" rel=\"noreferrer noopener\">Amniocentese, <\/a>que coleta o l\u00edquido amni\u00f3tico da placenta da gestante.&nbsp;<\/p>\n\n\n\n<p>Al\u00e9m disso, muitos dist\u00farbios gen\u00e9ticos tem diagn\u00f3stico no nascimento, atrav\u00e9s do <a href=\"\/\/www.tuasaude.com\/doencas-detectadas-pelo-teste-do-pezinho\/amp\/\" target=\"_blank\" rel=\"noreferrer noopener\">Teste do Pezinho<\/a>, ou durante a primeira inf\u00e2ncia, como a <a href=\"\/\/pt.wikipedia.org\/wiki\/S%C3%ADndrome_de_Patau\" target=\"_blank\" rel=\"noreferrer noopener\">S\u00edndrome de Patau<\/a>, <a href=\"\/\/pt.wikipedia.org\/wiki\/Prog%C3%A9ria\" target=\"_blank\" rel=\"noreferrer noopener\">Progeria<\/a> e <a href=\"\/\/pt.wikipedia.org\/wiki\/Albinismo\" target=\"_blank\" rel=\"noreferrer noopener\">Albinismo<\/a>. No entanto, outras doen\u00e7as como a de <a href=\"https:\/\/pt.wikipedia.org\/wiki\/Doen%C3%A7a_de_Huntington\">Huntington,<\/a> podem ser detectadas at\u00e9 na idade adulta.<\/p>\n\n\n\n<p>Desta forma, as doen\u00e7as gen\u00e9ticas podem ser descobertas em v\u00e1rias fases da vida atrav\u00e9s de t\u00e9cnicas moleculares que possibilitam a identifica\u00e7\u00e3o do gene que apresenta alguma altera\u00e7\u00e3o. Nesse sentido, os exames permitem que se descubra a doen\u00e7a antes mesmo do in\u00edcio dos sintomas. Assim, \u00e9 poss\u00edvel que se tomem medidas para evitar o agravamento do dist\u00farbio. Dessa forma, possibilitando uma melhor qualidade de vida e at\u00e9 a interrup\u00e7\u00e3o da transmiss\u00e3o para os descendentes do portador.<\/p>\n\n\n\n<h3 class=\"wp-block-heading\" class=\"wp-block-heading\" id=\"testes-para-diagnosticar-informacoes-geneticas\">Testes para diagnosticar informa\u00e7\u00f5es gen\u00e9ticas<\/h3>\n\n\n\n<p>Veja alguns tipos de testes que possibilitam identificar as informa\u00e7\u00f5es gen\u00e9ticas de um indiv\u00edduo e consequentemente diagnosticar doen\u00e7as heredit\u00e1rias:&nbsp;<\/p>\n\n\n\n<ul class=\"wp-block-list\"><li><strong>Testes pr\u00e9-concepcionais:<\/strong> podem ser utilizados para identificar se algum membro de um casal saud\u00e1vel, que planeja ter um filho, \u00e9 portador de uma c\u00f3pia defeituosa de um gene. Desta forma, \u00e9 poss\u00edvel prever a probabilidade dos filhos herdarem o gene defeituoso;<\/li><li><strong>Testes pr\u00e9-natais:<\/strong> pode ocorrer a partir do material gen\u00e9tico coletado do embri\u00e3o. Nesse sentido, utiliza-se para diagnosticar poss\u00edveis doen\u00e7as f\u00edsicas ou mentais;<\/li><li><strong>Testes Preventivos:<\/strong> detectam a doen\u00e7a logo ap\u00f3s o nascimento, podendo impedir o surgimento das complica\u00e7\u00f5es futuras. O famoso exame do pezinho, que \u00e9 uma pr\u00e1tica rotineira nos hospitais brasileiros, \u00e9 um exemplo.<\/li><li><strong>Rastreio de doen\u00e7as de manifesta\u00e7\u00e3o tardia:<\/strong> detectam doen\u00e7as poss\u00edveis de acontecer em adultos com determinada caracter\u00edstica gen\u00e9tica. Podem ser <a href=\"\/\/www.dicio.com.br\/preditivo\/\" target=\"_blank\" rel=\"noreferrer noopener\">preditivos<\/a> ou diagn\u00f3sticos.<\/li><\/ul>\n\n\n\n<h2 class=\"wp-block-heading\" class=\"wp-block-heading\" id=\"quais-sao-as-doencas-geneticas-mais-comuns\">Quais s\u00e3o as doen\u00e7as gen\u00e9ticas mais comuns?<\/h2>\n\n\n\n<p>Existem algumas doen\u00e7as gen\u00e9ticas que s\u00e3o mais comuns e t\u00eam maior incid\u00eancia na popula\u00e7\u00e3o. Confira abaixo quais s\u00e3o e suas principais caracter\u00edsticas:<\/p>\n\n\n\n<h3 class=\"wp-block-heading\" class=\"wp-block-heading\" id=\"sindrome-de-down\"><strong>S\u00edndrome de Down: <\/strong><\/h3>\n\n\n\n<p>A s\u00edndrome de Down ou trissomia do 21 \u00e9 a altera\u00e7\u00e3o gen\u00e9tica ocorrida pela presen\u00e7a de um cromossomo extra, de forma que o indiv\u00edduo portador apresenta 47 cromossomos, ao inv\u00e9s de 46. Desta forma, esse tipo de altera\u00e7\u00e3o gen\u00e9tica acarreta diferen\u00e7as no desenvolvimento f\u00edsico e cognitivo de seu portador. Assim, s\u00e3o presentes caracter\u00edsticas como fraqueza muscular, orelhas mais baixas que o normal, leve retardo mental e baixa estatura desde o nascimento;<\/p>\n\n\n\n<h3 class=\"wp-block-heading\" class=\"wp-block-heading\" id=\"anemia-falciforme\"><strong>Anemia falciforme: <\/strong><\/h3>\n\n\n\n<p>A anemia falciforme \u00e9 uma altera\u00e7\u00e3o gen\u00e9tica heredit\u00e1ria, na qual as hem\u00e1cias perdem o seu formato normal e adquirem a forma de foice. Essa condi\u00e7\u00e3o dificulta a passagem das hem\u00e1cias pelos vasos sangu\u00edneos e compromete a oxigena\u00e7\u00e3o dos tecidos;&nbsp;<\/p>\n\n\n\n<h3 class=\"wp-block-heading\" class=\"wp-block-heading\" id=\"diabetes\"><strong>Diabetes: <\/strong><\/h3>\n\n\n\n<p>A diabetes \u00e9 uma doen\u00e7a que compromete a produ\u00e7\u00e3o do <a href=\"\/\/www.diabetes.org.br\/publico\/colunas\/21-dr-rodrigo-o-moreira\/369-o-cha-de-folhas-de-insulina-e-o-diabetes\" target=\"_blank\" rel=\"noreferrer noopener\">horm\u00f4nio insulina, <\/a>respons\u00e1vel por controlar o n\u00edvel de glicose no sangue. No Brasil, aproximadamente 7% da popula\u00e7\u00e3o possui diabetes;<\/p>\n\n\n\n<h3 class=\"wp-block-heading\" class=\"wp-block-heading\" id=\"cancer\"><strong>C\u00e2ncer: <\/strong><\/h3>\n\n\n\n<p>Alguns tipos de c\u00e2ncer tem causa por fatores gen\u00e9ticos, que podem estar associados a fatores ambientais. A doen\u00e7a abrange um grupo com mais de 100 tipos, cuja caracter\u00edstica predominante \u00e9 o crescimento celular desordenado e que pode se espalhar pelo corpo;<\/p>\n\n\n\n<h3 class=\"wp-block-heading\" class=\"wp-block-heading\" id=\"daltonismo\"><strong>Daltonismo:<\/strong> <\/h3>\n\n\n\n<p>Trata-se de uma altera\u00e7\u00e3o visual que tem por caracter\u00edstica principal a incapacidade de distin\u00e7\u00e3o e percep\u00e7\u00e3o das cores como o vermelho e o verde, e com menos frequ\u00eancia, o amarelo e o azul. O <a href=\"https:\/\/www.todamateria.com.br\/daltonismo\/\">daltonismo<\/a> \u00e9 uma heran\u00e7a ligada ao sexo, especificamente ao cromossomo X, e por isso n\u00e3o h\u00e1 como prevenir o seu surgimento. Contudo, ele ocorre com mais frequ\u00eancia entre os homens;<\/p>\n\n\n\n<h3 class=\"wp-block-heading\" class=\"wp-block-heading\" id=\"hemofilia\"><strong>Hemofilia: <\/strong><\/h3>\n\n\n\n<p>\u00c9<strong> <\/strong>uma doen\u00e7a gen\u00e9tica ligada ao cromossomo X e caracteriza-se pela falta de um dos <a href=\"\/\/labtestsonline.org.br\/tests\/fatores-de-coagulacao\" target=\"_blank\" rel=\"noreferrer noopener\">fatores de coagula\u00e7\u00e3o<\/a> presentes no sangue. Portanto, pode levar a sangramentos prolongados, mesmo quando causados por pequenos traumas.<\/p>\n\n\n\n<div class=\"wp-block-image\"><figure class=\"aligncenter\"><img decoding=\"async\" src=\"https:\/\/lh3.googleusercontent.com\/kq56sSOi0_ItVFDMeWdXxmdblD0UTRMzQEgwR0yXxOkuYgBAyslsIMKlWvbPlcah5nDySLWqZWkENXwBpC32w1O8JUUOs1qwVw8tgMO5mBRbb8EFaz_fd5dH_5H2PKN_npQfK9vt\" alt=\"doen\u00e7as gen\u00e9ticas mais comuns\"\/><\/figure><\/div>\n\n\n<div role=\"main\" id=\"form-blog-exames-para-fertilizacao-in-vitro-confira-checklist-completo-17959a090ad5f310fd33\"><\/div><script type=\"text\/javascript\" src=\"https:\/\/d335luupugsy2.cloudfront.net\/js\/rdstation-forms\/stable\/rdstation-forms.min.js\"><\/script><script type=\"text\/javascript\"> new RDStationForms('form-blog-exames-para-fertilizacao-in-vitro-confira-checklist-completo-17959a090ad5f310fd33', 'UA-17227594-1').createForm();<\/script>\n\n\n<h2 class=\"wp-block-heading\" class=\"wp-block-heading\" id=\"quais-sao-as-doencas-geneticas-mais-raras\">Quais s\u00e3o as doen\u00e7as gen\u00e9ticas mais raras?<\/h2>\n\n\n\n<p>Al\u00e9m das doen\u00e7as comuns, h\u00e1 outras doen\u00e7as gen\u00e9ticas que s\u00e3o extremamente raras, ou seja, apresentam baixa incid\u00eancia na popula\u00e7\u00e3o. Conhe\u00e7a algumas que fazem parte deste grupo:<strong>&nbsp;<\/strong><\/p>\n\n\n\n<h3 class=\"wp-block-heading\" class=\"wp-block-heading\" id=\"distrofia-muscular-de-duchenne\"><strong>Distrofia muscular de Duchenne:<\/strong> <\/h3>\n\n\n\n<p>A distrofia muscular de Duchenne possui car\u00e1ter recessivo e est\u00e1 ligada ao cromossomo X. Ela caracteriza-se pela aus\u00eancia da <a href=\"\/\/neuropediatria.pt\/index.php\/pt\/para-os-pais\/distrofia-muscular-de-duchenne\" target=\"_blank\" rel=\"noreferrer noopener\">prote\u00edna distrofina<\/a>, o que leva ao enfraquecimento dos m\u00fasculos.<\/p>\n\n\n\n<h3 class=\"wp-block-heading\" class=\"wp-block-heading\" id=\"fibrose-cistica\"><strong>Fibrose c\u00edstica:<\/strong> <\/h3>\n\n\n\n<p>A fibrose c\u00edstica ou mucoviscidose \u00e9 uma doen\u00e7a gen\u00e9tica que se manifesta em ambos os sexos. Embora nenhum dos dois apresente a doen\u00e7a, \u00e9 o pai e a m\u00e3e que transmitem o gene defeituoso. Nesse sentido, a altera\u00e7\u00e3o compromete o funcionamento das gl\u00e2ndulas ex\u00f3crinas que produzem subst\u00e2ncias mais espessas e de dif\u00edcil elimina\u00e7\u00e3o (muco, suor ou enzimas pancre\u00e1ticas). Por esta raz\u00e3o, ela prejudica os sistemas digestivo, respirat\u00f3rio e as <a href=\"https:\/\/brasilescola.uol.com.br\/biologia\/glandula-sudoripara.htm\">gl\u00e2ndulas sudor\u00edparas<\/a>. Assim, ela se caracteriza pela produ\u00e7\u00e3o de secre\u00e7\u00f5es que se acumulam nos pulm\u00f5es e p\u00e2ncreas. A doen\u00e7a pode ser diagnosticada ainda na inf\u00e2ncia, atrav\u00e9s do <a href=\"https:\/\/www.saude.pr.gov.br\/modules\/conteudo\/print.php?conteudo=669\">teste do pezinho<\/a><strong>.<\/strong><\/p>\n\n\n\n<h3 class=\"wp-block-heading\" class=\"wp-block-heading\" id=\"sindrome-de-patau\"><strong>S\u00edndrome de Patau:<\/strong> <\/h3>\n\n\n\n<p>A <a href=\"https:\/\/www.todamateria.com.br\/sindrome-de-patau\/\">s\u00edndrome de Patau<\/a> ou trissomia do 13 \u00e9 causada pela presen\u00e7a de um cromossomo a mais no par de n\u00famero 13, ou seja, em vez de ter dois cromossomos, possui tr\u00eas. Nesse sentido, a doen\u00e7a pode causar uma<strong> <\/strong>s\u00e9rie de altera\u00e7\u00f5es f\u00edsicas e fisiol\u00f3gicas, como orelhas deformadas, <a href=\"https:\/\/www.hospitalsiriolibanes.org.br\/imprensa\/noticias\/Paginas\/Lebio-leporino-ou-palato-fendido-o-que-e.aspx\">fenda labial e palato fendido<\/a>, plantas dos p\u00e9s arqueadas, crises convulsivas, e <a href=\"https:\/\/www.hopkinsmedicine.org\/virus-da-zika\/microcefalia.html\">microcefalia<\/a>. Al\u00e9m disso, existem outros sintomas, como pesco\u00e7o curto, olhos pequenos ou afastados, punhos cerrados e m\u00e3os com um sexto dedo ou dedos sobrepostos.<\/p>\n\n\n\n<h3 class=\"wp-block-heading\" class=\"wp-block-heading\" id=\"sindrome-de-turner\"><strong>S\u00edndrome de Turner:<\/strong> <\/h3>\n\n\n\n<p>A <a href=\"https:\/\/www.todamateria.com.br\/sindrome-de-turner\/\">s\u00edndrome de Turner<\/a> \u00e9 uma doen\u00e7a gen\u00e9tica caracterizada pela presen\u00e7a de apenas um cromossomo sexual X, o que d\u00e1 origem ao cari\u00f3tipo 45, X. Por isso, afeta apenas indiv\u00edduos de sexo feminino. A doen\u00e7a acomete um a cada 3.000 nascimentos de mulheres. Al\u00e9m disso, a taxa de aborto pode chegar at\u00e9 97%. Os sintomas incluem baixa estatura, <a href=\"https:\/\/www.minhavida.com.br\/saude\/materias\/31031-puberdade-tardia-causas-e-como-lidar\">puberdade tardia<\/a>, <a href=\"https:\/\/nilofrantz.com.br\/site26\/entenda-os-parametros-analisados-no-diagnostico-de-infertilidade-feminina\/\">infertilidade<\/a>, malforma\u00e7\u00f5es card\u00edacas e dificuldades de aprendizagem.<\/p>\n\n\n\n<h3 class=\"wp-block-heading\" class=\"wp-block-heading\" id=\"albinismo\"><strong>Albinismo: <\/strong><\/h3>\n\n\n\n<p>O albinismo \u00e9 uma doen\u00e7a que compromete a produ\u00e7\u00e3o da <a href=\"https:\/\/www.todamateria.com.br\/melanina\/\">melanina<\/a>, o pigmento respons\u00e1vel pela colora\u00e7\u00e3o da pele, olhos e pelos. Por isso, as pessoas afetadas apresentam a pele bastante branca, al\u00e9m de cabelos e olhos claros.<\/p>\n\n\n\n<h3 class=\"wp-block-heading\" class=\"wp-block-heading\" id=\"fenilcetonuria\"><strong>Fenilceton\u00faria: <\/strong><\/h3>\n\n\n\n<p>A fenilceton\u00faria \u00e9 uma doen\u00e7a que impede a metaboliza\u00e7\u00e3o do <a href=\"https:\/\/www.tuasaude.com\/fenilalanina\/\">amino\u00e1cido fenilalanina<\/a>. Nesse sentido, a subst\u00e2ncia acumula-se no sangue e pode comprometer algumas fun\u00e7\u00f5es do organismo, principalmente no c\u00e9rebro.<\/p>\n\n\n\n<h3 class=\"wp-block-heading\" class=\"wp-block-heading\" id=\"progeria\"><strong>Progeria: <\/strong><\/h3>\n\n\n\n<p>A progeria manifesta-se na inf\u00e2ncia e caracteriza-se por um envelhecimento acelerado, o qual pode ser de at\u00e9 sete vezes mais r\u00e1pido do que o natural. Nesse sentido, \u00e9 comum que pessoas com esta doen\u00e7a vivam at\u00e9 aos 15 anos de idade. Estima-se que atinja um a cada 8 milh\u00f5es de nascidos.<\/p>\n\n\n\n<h3 class=\"wp-block-heading\" class=\"wp-block-heading\" id=\"hipertricose\"><strong>Hipertricose: <\/strong><\/h3>\n\n\n\n<p>A hipertricose \u00e9 uma condi\u00e7\u00e3o bastante rara, caracterizada pelo crescimento excessivo dos pelos, os quais cobrem praticamente todo o corpo. Estima-se que a hipertricose acometa um a cada 1 bilh\u00e3o de nascidos.<\/p>\n\n\n\n<div class=\"wp-block-image\"><figure class=\"aligncenter\"><img decoding=\"async\" src=\"https:\/\/lh6.googleusercontent.com\/1m1ZiD72-leJAAtnq4lA4BuJ03MlNbzfHVzFPm_pJpknsXTjSb15X0SxIQ3l_6XuyJRzwBQR18vYHiRtr3sFtHHfyb2O_12PtXnMODOmhRBKHNfK2gRWlVPFAC9E5dQGRevuAfwk\" alt=\"doen\u00e7as gen\u00e9ticas mais raras\"\/><\/figure><\/div>\n\n\n\n<h2 class=\"wp-block-heading\" class=\"wp-block-heading\" id=\"as-doencas-geneticas-tem-cura\">&nbsp;As doen\u00e7as gen\u00e9ticas t\u00eam cura?<\/h2>\n\n\n\n<p>Para responder esta pergunta \u00e9 importante lembrar que existem doen\u00e7as gen\u00e9ticas heredit\u00e1rias (que passam de pais para filhos), e as que s\u00e3o adquiridas por fatores multifatoriais (que n\u00e3o s\u00e3o transmitidas aos descendentes).<\/p>\n\n\n\n<p>Nesse sentido, no caso das doen\u00e7as multifatoriais, que ocorre uma muta\u00e7\u00e3o gen\u00e9tica durante a vida por diversos fatores como ambientais, medicamentosos, hormonais e entre outros, existe chance de tratamento e de cura. Um dos exemplos \u00e9 o c\u00e2ncer, em seus diferentes tipos. Sendo assim, quando s\u00e3o detectados logo no in\u00edcio da doen\u00e7a, existe a chance de erradicar o problema.&nbsp;<\/p>\n\n\n\n<p>No entanto, at\u00e9 o momento, a medicina ainda n\u00e3o conseguiu interferir e realizar reparos no DNA humano. Desta forma, pode-se afirmar que uma doen\u00e7a gen\u00e9tica heredit\u00e1ria n\u00e3o tem cura. Por\u00e9m, com o diagn\u00f3stico precoce, \u00e9 poss\u00edvel realizar o tratamento, seja ele farmacol\u00f3gico, fisioter\u00e1pico, entre outros. Assim, se busca atenuar diversos sintomas que podem dificultar o desenvolvimento e proporcionar de maneira adequada e inclusiva o conv\u00edvio em sociedade.<\/p>\n\n\n\n<p>Al\u00e9m disso, diversas doen\u00e7as descobertas na fase adulta apresentam, tamb\u00e9m, tratamentos que melhoram a qualidade de vida, levando o paciente a ter uma vida praticamente normal.<\/p>\n\n\n\n<p>Vale ainda ressaltar que na t\u00e9cnica de <a href=\"https:\/\/nilofrantz.com.br\/site26\/conheca-o-passo-a-passo-da-fertilizacao-in-vitro\/\">Fertiliza\u00e7\u00e3o in Vitro (FIV),<\/a> j\u00e1 \u00e9 poss\u00edvel prevenir que futuras gera\u00e7\u00f5es sejam afetadas por alguma doen\u00e7a heredit\u00e1ria ou cromoss\u00f4mica. Nesse sentido, \u00e9 feito o <a href=\"\/\/nilofrantz.com.br\/site26\/pgt-exame-para-que-serve\/\" target=\"_blank\" rel=\"noreferrer noopener\">exame PGT<\/a>, no qual \u00e9 realizado o teste gen\u00e9tico do embri\u00e3o antes dele ser implantado no \u00fatero da mulher. Desta forma, se tiver alguma altera\u00e7\u00e3o gen\u00e9tica, o embri\u00e3o \u00e9 descartado e selecionado outro. Assim, a doen\u00e7a gen\u00e9tica n\u00e3o ser\u00e1 mais transmitida para os descendentes desta fam\u00edlia.<\/p>\n\n\n\n<hr class=\"wp-block-separator is-style-wide\"\/>\n\n\n\n<p>Quer entender como a Reprodu\u00e7\u00e3o Assistida ajuda cada vez mais pessoas a realizarem o sonho da maternidade ou paternidade? Clique na imagem abaixo e fa\u00e7a o download gratuitamente do nosso e-book\u00a0<a href=\"https:\/\/nilofrantz.rds.land\/ebook-reproducao-assistida-tratamentos-que-geram-novas-possibilidades-para-vida?utm_source=ebook&amp;utm_medium=bt-cta&amp;utm_campaign=ebook-reproducao-assistida-tratamentos-que-geram-novas-possibilidades-para-vida\" target=\"_blank\" rel=\"noreferrer noopener\">Reprodu\u00e7\u00e3o Assistida \u2013 Os tratamentos que geram novas possibilidades para a vida<\/a>:<\/p>\n\n\n\n<figure class=\"wp-block-image size-large\"><a href=\"https:\/\/conteudo.nilofrantz.com.br\/ebook-reproducao-assistida-tratamentos-que-geram-novas-possibilidades-para-vida\"><img fetchpriority=\"high\" decoding=\"async\" width=\"1024\" height=\"508\" src=\"https:\/\/nilofrantz.com.br\/site26\/wp-content\/uploads\/2019\/06\/cta-site-Nilo-Frantz-Reproducao-assistida-1024x508.png\" alt=\"Reprodu\u00e7\u00e3o Assistida - Os tratamentos que geram novas possibilidades para a vida\" class=\"wp-image-1172\" srcset=\"https:\/\/nilofrantz.com.br\/site26\/wp-content\/uploads\/2019\/06\/cta-site-Nilo-Frantz-Reproducao-assistida-1024x508.png 1024w, https:\/\/nilofrantz.com.br\/site26\/wp-content\/uploads\/2019\/06\/cta-site-Nilo-Frantz-Reproducao-assistida-300x149.png 300w, https:\/\/nilofrantz.com.br\/site26\/wp-content\/uploads\/2019\/06\/cta-site-Nilo-Frantz-Reproducao-assistida-768x381.png 768w, https:\/\/nilofrantz.com.br\/site26\/wp-content\/uploads\/2019\/06\/cta-site-Nilo-Frantz-Reproducao-assistida-1536x762.png 1536w, https:\/\/nilofrantz.com.br\/site26\/wp-content\/uploads\/2019\/06\/cta-site-Nilo-Frantz-Reproducao-assistida.png 1584w\" sizes=\"(max-width: 1024px) 100vw, 1024px\" \/><\/a><\/figure>\n","protected":false},"excerpt":{"rendered":"<p>Voc\u00ea j\u00e1 ouviu falar em doen\u00e7as gen\u00e9ticas? Pois saiba que muito al\u00e9m da cor dos olhos, da pele ou de outra caracter\u00edstica f\u00edsica (fenot\u00edpica) de nossos familiares, tamb\u00e9m carregamos a heran\u00e7a genot\u00edpica de nossos pais e av\u00f3s? Desta forma, atrav\u00e9s de altera\u00e7\u00f5es nos genes do DNA de nossos ancestrais, podemos ainda herdar doen\u00e7as gen\u00e9ticas que [&hellip;]<\/p>\n","protected":false},"author":12,"featured_media":8454,"comment_status":"open","ping_status":"open","sticky":false,"template":"","format":"standard","meta":{"_acf_changed":false,"footnotes":""},"categories":[18],"tags":[329,326,328,330],"class_list":["post-8453","post","type-post","status-publish","format-standard","has-post-thumbnail","hentry","category-duvidas","tag-como-e-feito-o-diagnostico-de-doencas-geneticas","tag-o-que-sao-doencas-geneticas","tag-tipos-de-doencas-geneticas","tag-tratamentos-para-doencas-geneticas"],"acf":[],"_links":{"self":[{"href":"https:\/\/nilofrantz.com.br\/site26\/wp-json\/wp\/v2\/posts\/8453","targetHints":{"allow":["GET"]}}],"collection":[{"href":"https:\/\/nilofrantz.com.br\/site26\/wp-json\/wp\/v2\/posts"}],"about":[{"href":"https:\/\/nilofrantz.com.br\/site26\/wp-json\/wp\/v2\/types\/post"}],"author":[{"embeddable":true,"href":"https:\/\/nilofrantz.com.br\/site26\/wp-json\/wp\/v2\/users\/12"}],"replies":[{"embeddable":true,"href":"https:\/\/nilofrantz.com.br\/site26\/wp-json\/wp\/v2\/comments?post=8453"}],"version-history":[{"count":0,"href":"https:\/\/nilofrantz.com.br\/site26\/wp-json\/wp\/v2\/posts\/8453\/revisions"}],"wp:featuredmedia":[{"embeddable":true,"href":"https:\/\/nilofrantz.com.br\/site26\/wp-json\/wp\/v2\/media\/8454"}],"wp:attachment":[{"href":"https:\/\/nilofrantz.com.br\/site26\/wp-json\/wp\/v2\/media?parent=8453"}],"wp:term":[{"taxonomy":"category","embeddable":true,"href":"https:\/\/nilofrantz.com.br\/site26\/wp-json\/wp\/v2\/categories?post=8453"},{"taxonomy":"post_tag","embeddable":true,"href":"https:\/\/nilofrantz.com.br\/site26\/wp-json\/wp\/v2\/tags?post=8453"}],"curies":[{"name":"wp","href":"https:\/\/api.w.org\/{rel}","templated":true}]}}