{"id":8424,"date":"2021-02-03T09:50:00","date_gmt":"2021-02-03T12:50:00","guid":{"rendered":"https:\/\/nilofrantz.com.br\/site26\/?p=8424"},"modified":"2022-08-12T11:59:06","modified_gmt":"2022-08-12T14:59:06","slug":"sinequia-uterina","status":"publish","type":"post","link":"https:\/\/nilofrantz.com.br\/site26\/blog\/2021\/02\/03\/sinequia-uterina\/","title":{"rendered":"Sin\u00e9quia uterina: saiba tudo sobre a doen\u00e7a e sua rela\u00e7\u00e3o com a gravidez"},"content":{"rendered":"\n<p>Voc\u00ea j\u00e1 ouviu falar em sin\u00e9quia uterina? Sabe o que \u00e9? Para conhecer&nbsp; mais a respeito deste assunto, especialmente sobre os sintomas, causas e tratamento, leia o texto abaixo.<\/p>\n\n\n\n<h2 class=\"wp-block-heading\" class=\"wp-block-heading\" id=\"o-que-e-sinequia-uterina\">O que \u00e9 sin\u00e9quia uterina?<\/h2>\n\n\n\n<p>A sin\u00e9quia uterina consiste em ader\u00eancias de tecido cicatricial que se formam no revestimento interno do \u00fatero (<a href=\"https:\/\/www.tuasaude.com\/endometrio\/\">endom\u00e9trio<\/a>). Nesse sentido, essas ader\u00eancias se desenvolvem como pontes que ligam as paredes opostas da cavidade uterina causando barreiras no \u00fatero.<\/p>\n\n\n\n<p>A sin\u00e9quia uterina \u00e9 uma doen\u00e7a que acomete mulheres em idade reprodutiva, e se manifesta em tr\u00eas est\u00e1gios diferentes:<\/p>\n\n\n\n<h3 class=\"wp-block-heading\" class=\"wp-block-heading\" id=\"leves\">Leves<\/h3>\n\n\n\n<p>A sin\u00e9quia uterina de ader\u00eancia leve apresenta membranas compostas por <a href=\"https:\/\/www\">tecido endometrial,<\/a> podendo ser parciais ou totais.<\/p>\n\n\n\n<h3 class=\"wp-block-heading\" class=\"wp-block-heading\" id=\"moderadas\">Moderadas<\/h3>\n\n\n\n<p>No est\u00e1gio moderado, as ader\u00eancias contam com tecido fibromuscular revestido por endom\u00e9trio, o que j\u00e1 pode obstruir a cavidade uterina de forma total ou parcial.<\/p>\n\n\n\n<h3 class=\"wp-block-heading\" class=\"wp-block-heading\" id=\"severas\">Severas<\/h3>\n\n\n\n<p>A doen\u00e7a no est\u00e1gio mais grave apresenta um tecido conectivo denso que causam mais danos \u00e0 cavidade uterina.&nbsp;<\/p>\n\n\n\n<h2 class=\"wp-block-heading\" class=\"wp-block-heading\" id=\"sintomas-da-sinequia-uterina\">Sintomas da sin\u00e9quia uterina<\/h2>\n\n\n\n<p>A sin\u00e9quia uterina \u00e9 geralmente assintom\u00e1tica, por\u00e9m, alguns pequenos sinais podem indicar que algo de errado est\u00e1 acontecendo no \u00fatero.&nbsp;<\/p>\n\n\n\n<p>Alguns deles s\u00e3o:<\/p>\n\n\n\n<ul class=\"wp-block-list\"><li>Problemas no fluxo da menstrua\u00e7\u00e3o como <a href=\"https:\/\/www.abc.med.br\/p\/saude-da-mulher\/325720\/amenorreia+quando+ela+ocorre+quais+sao+as+causas.htm\" target=\"_blank\" rel=\"noreferrer noopener\">amenorreia<\/a>, <a href=\"https:\/\/www.minhavida.com.br\/saude\/temas\/dismenorreia\" target=\"_blank\" rel=\"noreferrer noopener\">dismenorreia, <\/a><a href=\"https:\/\/www.tuasaude.com\/pouca-menstruacao\/\" target=\"_blank\" rel=\"noreferrer noopener\">hipomenorreia<\/a> e <a href=\"https:\/\/www.infoescola.com\/doencas\/sindrome-de-asherman\/\" target=\"_blank\" rel=\"noreferrer noopener\">s\u00edndrome de Asherman<\/a>;<\/li><li><a href=\"https:\/\/nilofrantz.com.br\/site26\/endometrite-cronica-diagnostico-e-prevencao\/\" target=\"_blank\" rel=\"noreferrer noopener\">Infertilidade<\/a>;<\/li><li><a href=\"https:\/\/nilofrantz.com.br\/site26\/aborto-de-repeticao\/\" target=\"_blank\" rel=\"noreferrer noopener\">Aborto<\/a>;<\/li><li>Problemas na <a href=\"https:\/\/nilofrantz.com.br\/site26\/gravidez\/\" target=\"_blank\" rel=\"noreferrer noopener\">gravidez<\/a>.<\/li><\/ul>\n\n\n\n<h2 class=\"wp-block-heading\" class=\"wp-block-heading\" id=\"causas-da-sinequia-uterina\">Causas da sin\u00e9quia uterina<\/h2>\n\n\n\n<p>A sin\u00e9quia uterina pode ter diversas causas, mas a de maior incid\u00eancia \u00e9 a <a href=\"https:\/\/www.tuasaude.com\/curetagem\/\">curetagem<\/a> p\u00f3s <a href=\"https:\/\/www.biologianet.com\/embriologia-reproducao-humana\/aborto.htm\">abortamento<\/a>. Nestes casos, o problema surge em decorr\u00eancia do procedimento de limpeza do \u00fatero e a retirada de fragmentos<a href=\"https:\/\/www.tuasaude.com\/a-placenta\/\"> placent\u00e1rios<\/a> e endometriais. Al\u00e9m disso, outros traumas uterinos est\u00e3o relacionados \u00e0s forma\u00e7\u00f5es cicatriciais no endom\u00e9trio, como cirurgias para remo\u00e7\u00e3o de <a href=\"https:\/\/www.tuasaude.com\/o-que-e-mioma\/\">miomas<\/a> e<a href=\"https:\/\/www.tuasaude.com\/polipo-uterino\/\"> p\u00f3lipos<\/a>, <a href=\"https:\/\/nilofrantz.com.br\/site26\/tudo-sobre-cesarea\/\" target=\"_blank\" rel=\"noreferrer noopener\">cesarianas<\/a> e endometrite.<\/p>\n\n\n\n<h2 class=\"wp-block-heading\" class=\"wp-block-heading\" id=\"diagnostico-da-sinequia-uterina\">Diagn\u00f3stico da sin\u00e9quia uterina<\/h2>\n\n\n\n<p>O diagn\u00f3stico \u00e9 feito por meio de <a href=\"https:\/\/nilofrantz.com.br\/site26\/exame-de-histeroscopia\/\">histeroscopia,<\/a> exame que permite analisar as caracter\u00edsticas da cavidade uterina e dos tecidos internos do \u00fatero como o <a href=\"https:\/\/www.dicionarioinformal.com.br\/significado\/endocolo\/12123\/\">endocolo <\/a>e <a href=\"https:\/\/www.tuasaude.com\/endometrio\/\">endom\u00e9trio<\/a>. Al\u00e9m disso, exames complementares de ultrassom, como <a href=\"https:\/\/www.tuasaude.com\/histerossonografia\/\">histerossonografia<\/a> ou mesmo a histerossalpingografia, tamb\u00e9m podem ser usados para chegar ao diagn\u00f3stico.<\/p>\n\n\n\n<h2 class=\"wp-block-heading\" class=\"wp-block-heading\" id=\"quem-tem-sinequia-uterina-pode-engravidar\">Quem tem sin\u00e9quia uterina pode engravidar?<\/h2>\n\n\n\n<p>Sim, as mulheres que apresentam sin\u00e9quia uterina podem engravidar. Nesse sentido, \u00e9 importante esclarecer que a sin\u00e9quia uterina n\u00e3o significa necessariamente que a pessoa \u00e9 inf\u00e9rtil, mas as ader\u00eancias podem dificultar a <a href=\"https:\/\/nilofrantz.com.br\/site26\/gravidez\/\">gravidez<\/a>. Al\u00e9m disso, a gesta\u00e7\u00e3o de uma m\u00e3e com sin\u00e9quia uterina ser\u00e1 considerada de risco.<\/p>\n\n\n\n<p>Dessa forma, as gestantes que apresentam sin\u00e9quia uterina t\u00eam mais chances de apresentar algumas complica\u00e7\u00f5es como:&nbsp;<\/p>\n\n\n\n<ul class=\"wp-block-list\"><li>Apresenta\u00e7\u00e3o fetal an\u00f4mala;<\/li><li>Inser\u00e7\u00e3o anormal da placenta como <a href=\"https:\/\/www.mdsaude.com\/gravidez\/placenta-previa\/\">placenta pr\u00e9via <\/a>e <a href=\"https:\/\/www.tuasaude.com\/placenta-acreta\/\">placenta acreta<\/a>;<\/li><li><a href=\"https:\/\/www.tuasaude.com\/descolamento-da-placenta\/\">Descolamento de placenta<\/a>;<\/li><li><a href=\"https:\/\/nilofrantz.com.br\/site26\/aborto-de-repeticao\/\">Aborto espont\u00e2neo<\/a>;<\/li><li><a href=\"https:\/\/www.minhavida.com.br\/familia\/tudo-sobre\/32670-parto-prematuro\">Parto prematuro<\/a>.<\/li><\/ul>\n\n\n\n<h2 class=\"wp-block-heading\" class=\"wp-block-heading\" id=\"como-tratar-a-sinequia-uterina\">Como tratar a sin\u00e9quia uterina?<\/h2>\n\n\n\n<p>O tratamento da sin\u00e9quia uterina depende da gravidade em que a doen\u00e7a se encontra. De acordo com o est\u00e1gio, o tratamento poder\u00e1 ser simples, ou mais complexo.<\/p>\n\n\n\n<ul class=\"wp-block-list\"><li><strong>Tratamento Simples<\/strong>: \u00c9 feito quando as ader\u00eancias no \u00fatero n\u00e3o apresentam um tecido muito grosso e pode ser tratado com <a href=\"https:\/\/nilofrantz.com.br\/site26\/exame-de-histeroscopia\/\">hiteroscopias<\/a> n\u00e3o cir\u00fargicas.<\/li><li><strong>Tratamento Complexo:<\/strong> Quando as ader\u00eancias se mostram mais resistentes ou com tecidos mais grossos. Nesses casos, uma interven\u00e7\u00e3o cir\u00fargica pode ser necess\u00e1ria.&nbsp;<\/li><\/ul>\n\n\n\n<h2 class=\"wp-block-heading\" class=\"wp-block-heading\" id=\"sinequia-uterina-x-sinequia-vaginal\">Sin\u00e9quia Uterina x Sin\u00e9quia Vaginal<\/h2>\n\n\n\n<p>A sin\u00e9quia uterina n\u00e3o \u00e9 o \u00fanico tipo de sin\u00e9quia existente. Nesse sentido, h\u00e1 tamb\u00e9m a sin\u00e9quia vaginal, que acomete predominantemente meninas bem jovens, entre 0 e 6 anos.&nbsp;<\/p>\n\n\n\n<p>Embora ambas se relacionem com problemas de ader\u00eancias,&nbsp; s\u00e3o duas doen\u00e7as bem diferentes. Saiba agora tamb\u00e9m um pouco sobre a sin\u00e9quia vaginal:<\/p>\n\n\n\n<h2 class=\"wp-block-heading\" class=\"wp-block-heading\" id=\"o-que-e-sinequia-vaginal\">O que \u00e9 sin\u00e9quia vaginal?<\/h2>\n\n\n\n<p>A sin\u00e9quia vaginal consiste em uma pequena ader\u00eancia nos <a href=\"https:\/\/www.ehow.com.br\/servem-labios-vaginais-info_36021\/\">pequenos l\u00e1bios vulvares<\/a>, podendo obstruir parcial ou completamente o canal vaginal. Tamb\u00e9m conhecida como vagina fechada, a sin\u00e9quia \u00e9 uma situa\u00e7\u00e3o bastante frequente, atingindo cerca de 2% a 5% das meninas antes da puberdade. Todavia, ela tem maior incid\u00eancia entre os tr\u00eas meses e os seis anos de idade.<\/p>\n\n\n\n<p>Em outras palavras, a sin\u00e9quia labial \u00e9 a fus\u00e3o dos pequenos l\u00e1bios entre si, em redor do orif\u00edcio externo da vagina. Assim, forma-se uma estreita membrana transl\u00facida. Por\u00e9m, mesmo que ocorra um &#8220;fechamento&#8221; da vagina, sempre permanece um pequeno orif\u00edcio que permite a passagem da urina.&nbsp;<\/p>\n\n\n\n<p>Vale esclarecer que, embora pare\u00e7a algo assustador, a sin\u00e9quia \u00e9 facilmente trat\u00e1vel e n\u00e3o deixa implica\u00e7\u00f5es futuras.<\/p>\n\n\n\n<h3 class=\"wp-block-heading\" class=\"wp-block-heading\" id=\"o-que-causa-a-sinequia-vaginal\">O que causa a sin\u00e9quia vaginal?<\/h3>\n\n\n\n<p>As causas da sin\u00e9quia n\u00e3o s\u00e3o totalmente explicadas, mas est\u00e3o relacionadas \u00e0 inflama\u00e7\u00e3o dos pequenos l\u00e1bios, combinada aos baixos n\u00edveis de <a href=\"https:\/\/www.todamateria.com.br\/estrogenio\/\">estrog\u00eanio<\/a>. Isso \u00e9 comum algo em meninas que ainda n\u00e3o atingiram a <a href=\"https:\/\/www.todamateria.com.br\/puberdade\/\">puberdade<\/a> (pr\u00e9-p\u00faberes). <\/p>\n\n\n\n<p>Al\u00e9m do mais, a doen\u00e7a tamb\u00e9m pode ter origem em higiene prec\u00e1ria, trauma, infec\u00e7\u00e3o vaginal ou contato com agentes irritantes provocados pelo uso de fralda, por exemplo.<\/p>\n\n\n\n<figure class=\"wp-block-image aligncenter size-full\"><img fetchpriority=\"high\" decoding=\"async\" width=\"700\" height=\"253\" src=\"https:\/\/nilofrantz.com.br\/site26\/wp-content\/uploads\/2022\/08\/possiveis-causas-de-sinequia-uterina.jpg\" alt=\"Poss\u00edveis causas da sin\u00e9quia uterina\" class=\"wp-image-9539\" srcset=\"https:\/\/nilofrantz.com.br\/site26\/wp-content\/uploads\/2022\/08\/possiveis-causas-de-sinequia-uterina.jpg 700w, https:\/\/nilofrantz.com.br\/site26\/wp-content\/uploads\/2022\/08\/possiveis-causas-de-sinequia-uterina-300x108.jpg 300w\" sizes=\"(max-width: 700px) 100vw, 700px\" \/><\/figure>\n\n\n\n<h3 class=\"wp-block-heading\" class=\"wp-block-heading\" id=\"quais-sao-os-sintomas-da-sinequia-vaginal\">Quais s\u00e3o os sintomas da sin\u00e9quia vaginal?<\/h3>\n\n\n\n<p>Como j\u00e1 vimos anteriormente, a sin\u00e9quia dos pequenos l\u00e1bios provoca o fechamento parcial ou total da vagina, mas de qualquer forma, um pequeno furo \u00e9 sempre preservado para passagem da urina. Por\u00e9m, esta situa\u00e7\u00e3o pode gerar altera\u00e7\u00f5es do jato da mic\u00e7\u00e3o, irrita\u00e7\u00e3o local e infec\u00e7\u00f5es urin\u00e1rias, causando inclusive mau cheiro na regi\u00e3o. Al\u00e9m disso, a obstru\u00e7\u00e3o da sa\u00edda de urina e de secre\u00e7\u00f5es vaginais \u00e9 fator desencadeante de <a href=\"https:\/\/www.minhavida.com.br\/saude\/temas\/vulvovaginite\">vulvovaginite<\/a>, que pode provocar dor, coceira e at\u00e9 sangramento.<\/p>\n\n\n\n<p>Portanto, quando a sin\u00e9quia n\u00e3o \u00e9 diagnosticada nem tratada precocemente, pode gerar problemas para meninas que come\u00e7am a menstruar. Nesse sentido, a menstrua\u00e7\u00e3o pode ficar retida em consequ\u00eancia da obstru\u00e7\u00e3o vaginal, causando dor e desconforto.<\/p>\n\n\n\n<figure class=\"wp-block-image aligncenter size-full\"><img decoding=\"async\" width=\"700\" height=\"319\" src=\"https:\/\/nilofrantz.com.br\/site26\/wp-content\/uploads\/2022\/08\/Cuidados-para-evitar-a-sinequia-uterina.jpg\" alt=\"Cuidados para evitar a sin\u00e9quia uterina\" class=\"wp-image-9540\" srcset=\"https:\/\/nilofrantz.com.br\/site26\/wp-content\/uploads\/2022\/08\/Cuidados-para-evitar-a-sinequia-uterina.jpg 700w, https:\/\/nilofrantz.com.br\/site26\/wp-content\/uploads\/2022\/08\/Cuidados-para-evitar-a-sinequia-uterina-300x137.jpg 300w\" sizes=\"(max-width: 700px) 100vw, 700px\" \/><\/figure>\n\n\n\n<p>Est\u00e1 tentando ter filhos ainda este ano? Ent\u00e3o baixe agora mesmo o nosso infogr\u00e1fico com <a href=\"https:\/\/nilofrantz.rds.land\/infografico-7-dicas-para-quem-quer-engravidar-em-2022\" target=\"_blank\" rel=\"noreferrer noopener\">7 dicas para engravidar<\/a>!<\/p>\n\n\n\n<figure class=\"wp-block-image size-full\"><a href=\"https:\/\/nilofrantz.rds.land\/infografico-7-dicas-para-quem-quer-engravidar-em-2022\"><img decoding=\"async\" width=\"1024\" height=\"411\" src=\"https:\/\/nilofrantz.com.br\/site26\/wp-content\/uploads\/2021\/01\/Site.jpg\" alt=\"infogr\u00e1fico 7 dicas para engravidar em 2022\" class=\"wp-image-8923\" srcset=\"https:\/\/nilofrantz.com.br\/site26\/wp-content\/uploads\/2021\/01\/Site.jpg 1024w, https:\/\/nilofrantz.com.br\/site26\/wp-content\/uploads\/2021\/01\/Site-300x120.jpg 300w, https:\/\/nilofrantz.com.br\/site26\/wp-content\/uploads\/2021\/01\/Site-768x308.jpg 768w\" sizes=\"(max-width: 1024px) 100vw, 1024px\" \/><\/a><\/figure>\n","protected":false},"excerpt":{"rendered":"<p>Voc\u00ea j\u00e1 ouviu falar em sin\u00e9quia uterina? Sabe o que \u00e9? Para conhecer&nbsp; mais a respeito deste assunto, especialmente sobre os sintomas, causas e tratamento, leia o texto abaixo. O que \u00e9 sin\u00e9quia uterina? A sin\u00e9quia uterina consiste em ader\u00eancias de tecido cicatricial que se formam no revestimento interno do \u00fatero (endom\u00e9trio). Nesse sentido, essas [&hellip;]<\/p>\n","protected":false},"author":12,"featured_media":8425,"comment_status":"open","ping_status":"open","sticky":false,"template":"","format":"standard","meta":{"_acf_changed":false,"footnotes":""},"categories":[19],"tags":[313,315,317,314,316],"class_list":["post-8424","post","type-post","status-publish","format-standard","has-post-thumbnail","hentry","category-fertilidade","tag-estagios-sinequia-uterina","tag-sinequia-uterina-x-fertilidade","tag-sinequia-vaginal-x-sinequia-uterina","tag-sintomas-sinequia-uterina","tag-tratamentos-sinequia-uterina"],"acf":[],"_links":{"self":[{"href":"https:\/\/nilofrantz.com.br\/site26\/wp-json\/wp\/v2\/posts\/8424","targetHints":{"allow":["GET"]}}],"collection":[{"href":"https:\/\/nilofrantz.com.br\/site26\/wp-json\/wp\/v2\/posts"}],"about":[{"href":"https:\/\/nilofrantz.com.br\/site26\/wp-json\/wp\/v2\/types\/post"}],"author":[{"embeddable":true,"href":"https:\/\/nilofrantz.com.br\/site26\/wp-json\/wp\/v2\/users\/12"}],"replies":[{"embeddable":true,"href":"https:\/\/nilofrantz.com.br\/site26\/wp-json\/wp\/v2\/comments?post=8424"}],"version-history":[{"count":0,"href":"https:\/\/nilofrantz.com.br\/site26\/wp-json\/wp\/v2\/posts\/8424\/revisions"}],"wp:featuredmedia":[{"embeddable":true,"href":"https:\/\/nilofrantz.com.br\/site26\/wp-json\/wp\/v2\/media\/8425"}],"wp:attachment":[{"href":"https:\/\/nilofrantz.com.br\/site26\/wp-json\/wp\/v2\/media?parent=8424"}],"wp:term":[{"taxonomy":"category","embeddable":true,"href":"https:\/\/nilofrantz.com.br\/site26\/wp-json\/wp\/v2\/categories?post=8424"},{"taxonomy":"post_tag","embeddable":true,"href":"https:\/\/nilofrantz.com.br\/site26\/wp-json\/wp\/v2\/tags?post=8424"}],"curies":[{"name":"wp","href":"https:\/\/api.w.org\/{rel}","templated":true}]}}