{"id":8364,"date":"2021-01-06T09:50:00","date_gmt":"2021-01-06T12:50:00","guid":{"rendered":"https:\/\/nilofrantz.com.br\/site26\/?p=8364"},"modified":"2021-04-20T14:27:07","modified_gmt":"2021-04-20T17:27:07","slug":"gestacao-gemelar","status":"publish","type":"post","link":"https:\/\/nilofrantz.com.br\/site26\/blog\/2021\/01\/06\/gestacao-gemelar\/","title":{"rendered":"Gesta\u00e7\u00e3o gemelar: qual a sua rela\u00e7\u00e3o com a Fertiliza\u00e7\u00e3o in Vitro?"},"content":{"rendered":"\n<p>A not\u00edcia da gesta\u00e7\u00e3o gemelar \u00e9 sempre acompanhada de muitas perguntas e anseios. Afinal, gestar mais de um beb\u00ea tem suas peculiaridades e requer mais cuidados durante todo o <a href=\"https:\/\/www.tuasaude.com\/pre-natal\/\">pr\u00e9-natal<\/a>.\u00a0<\/p>\n\n\n\n<p>Sendo assim, o que fazer para que a gesta\u00e7\u00e3o m\u00faltipla seja tranquila? H\u00e1 riscos para a m\u00e3e e para os beb\u00eas? Como vai ser o parto? A <a href=\"https:\/\/nilofrantz.com.br\/site26\/conheca-o-passo-a-passo-da-fertilizacao-in-vitro\/\">Fertiliza\u00e7\u00e3o<em> in Vitro<\/em><\/a> aumenta as chances de uma gravidez m\u00faltipla?&nbsp;<\/p>\n\n\n\n<p>O texto a seguir vai esclarecer estas e outras d\u00favidas sobre a curiosa e intrigante experi\u00eancia da gravidez gemelar.<\/p>\n\n\n\n<h2 class=\"wp-block-heading\" class=\"wp-block-heading\" id=\"o-que-e-gestacao-gemelar\">O que \u00e9 gesta\u00e7\u00e3o gemelar?<\/h2>\n\n\n\n<p>A gesta\u00e7\u00e3o gemelar \u00e9 aquela em que a mulher gesta mais de um beb\u00ea ao mesmo tempo. Ou seja, \u00e9 uma <a href=\"https:\/\/nilofrantz.com.br\/site26\/gravidez\/\">gravidez<\/a> com pelo menos dois beb\u00eas na barriga da m\u00e3e. Tamb\u00e9m chamada de gravidez m\u00faltipla, a forma mais comum \u00e9 a gesta\u00e7\u00e3o de g\u00eameos, quando dois fetos se desenvolvem simultaneamente no \u00fatero materno.\u00a0<\/p>\n\n\n\n<p>Por\u00e9m, h\u00e1 casos menos frequentes de trig\u00eameos (tr\u00eas beb\u00eas), quadrig\u00eameos (quatro beb\u00eas) e at\u00e9 um n\u00famero maior de irm\u00e3os gerados juntos. Segundo estudos, a frequ\u00eancia de nascimentos m\u00faltiplos \u00e9 de:<\/p>\n\n\n\n<ul class=\"wp-block-list\"><li>G\u00eameos: 1 em cada 80 nascimentos;<\/li><li>Trig\u00eameos: 1 em cada 6.400 nascimentos;<\/li><li>Quadrig\u00eameos e demais casos: 1 em cada 512.000 nascimentos.<\/li><\/ul>\n\n\n\n<h3 class=\"wp-block-heading\" class=\"wp-block-heading\" id=\"fatores-que-predispoem-a-gestacao-gemelar\">Fatores que predisp\u00f5em a gesta\u00e7\u00e3o gemelar<\/h3>\n\n\n\n<p>\u00c9 not\u00f3rio que o n\u00famero de gesta\u00e7\u00f5es gemelares v\u00eam crescendo nas \u00faltimas d\u00e9cadas. Nesse sentido, alguns fatores podem influenciar ou at\u00e9 induzir com que esse tipo de gravidez aconte\u00e7a:<\/p>\n\n\n\n<ul class=\"wp-block-list\"><li><strong>Heran\u00e7a gen\u00e9tica:<\/strong> A chance de uma gravidez de m\u00faltiplos \u00e9 maior quando a gr\u00e1vida tem hist\u00f3rico familiar de g\u00eameos. Nesse sentido, essa possibilidade aumenta ainda mais quando a presen\u00e7a gemelar vem da fam\u00edlia da m\u00e3e da gestante. Isso acontece pois algumas mulheres t\u00eam um gene que predisp\u00f5e uma <a href=\"https:\/\/nilofrantz.com.br\/site26\/ovulacao\/\" target=\"_blank\" rel=\"noreferrer noopener\">ovula\u00e7\u00e3o<\/a> dupla, o que aumenta a incid\u00eancia de gravidez gemelar dizig\u00f3tica.\u00a0<\/li><li><strong>Partos gemelares anteriore<\/strong>s: Mulheres que j\u00e1 tiveram filhos, especialmente aquelas que passaram por uma gesta\u00e7\u00e3o gemelar, t\u00eam mais chances de uma nova gravidez m\u00faltipla.<\/li><li><strong>Idade:<\/strong> Com o passar do tempo, o corpo feminino produz mais horm\u00f4nios que estimulam a ovula\u00e7\u00e3o, e assim os ov\u00e1rios liberam mais \u00f3vulos a cada m\u00eas. Desta forma, partir dos 30 anos aumentam as probabilidades de uma gesta\u00e7\u00e3o de m\u00faltiplos.\u00a0<\/li><li><strong>Medicamentos para aumentar a fertilidade<\/strong>: os indutores de ovula\u00e7\u00e3o usados em alguns tratamentos para <a href=\"https:\/\/nilofrantz.com.br\/site26\/gravidez\/\" target=\"_blank\" rel=\"noreferrer noopener\">gravidez<\/a> aumentam a probabilidade da mulher liberar dois ou mais \u00f3vulos, e assim podem causar uma gravidez gemelar.<\/li><li><strong>Fertiliza\u00e7\u00e3o <em>in Vitro<\/em><\/strong>: A t\u00e9cnica de FIV e outros tratamentos de <a href=\"https:\/\/nilofrantz.com.br\/site26\/o-que-e-reproducao-assistida\/\" target=\"_blank\" rel=\"noreferrer noopener\">reprodu\u00e7\u00e3o assistida<\/a> aumentam as chances de uma gravidez gemelar, quando transfere-se mais de um embri\u00e3o ao \u00fatero materno.<\/li><\/ul>\n\n\n\n<h2 class=\"wp-block-heading\" class=\"wp-block-heading\" id=\"tipos-de-gestacao-gemelar\">Tipos de gesta\u00e7\u00e3o gemelar<\/h2>\n\n\n\n<p>Como j\u00e1 vimos, a gesta\u00e7\u00e3o gemelar acontece quando pelo menos dois beb\u00eas s\u00e3o gestados ao mesmo tempo. Por\u00e9m, mesmo que se desenvolvam juntos no \u00fatero materno, alguns g\u00eameos s\u00e3o iguais. Por sua vez, outros nem se parecem, e inclusive podem at\u00e9 ser de sexos diferentes.\u00a0<\/p>\n\n\n\n<figure class=\"wp-block-image\"><img decoding=\"async\" src=\"https:\/\/lh5.googleusercontent.com\/ZhsghK3HtBVAtGV5dy0vnXUSrAwEJ-D59P7tTtxKlz8K_g-qz7FauJ0a0WQ8PJohfSIOhU7FIA-3BT_ixK5CEQV00EY7mEGVx8V_MyKqVi_VDL5het1uC7qwlxrU4IuJwIl-LPoe\" alt=\"\"\/><\/figure>\n\n\n\n<p>Nesse sentido, a origem da gesta\u00e7\u00e3o gemelar \u00e9 que vai determinar se os beb\u00eas ser\u00e3o id\u00eanticos (univitelinos), que representam 20% dos casos. Ou, ent\u00e3o, fraterno (bivitelinos), que s\u00e3o 80% dos nascimentos gemelares. Saiba mais sobre cada um dos tipos de gesta\u00e7\u00e3o gemelar abaixo:<\/p>\n\n\n\n<h3 class=\"wp-block-heading\" class=\"wp-block-heading\" id=\"univitelinos\">Univitelinos<\/h3>\n\n\n\n<p>Os g\u00eameos univitelinos, tamb\u00e9m chamados de monozig\u00f3ticos, n\u00e3o fraternos ou g\u00eameos id\u00eanticos, s\u00e3o oriundos de uma \u00fanica gesta\u00e7\u00e3o. Ou seja, da fecunda\u00e7\u00e3o de apenas um \u00f3vulo e um espermatozoide. Nestes casos, o <a href=\"https:\/\/brasilescola.uol.com.br\/o-que-e\/biologia\/o-que-e-zigoto.htm\">zigoto<\/a> se divide em duas c\u00e9lulas distintas, geneticamente id\u00eanticas, que dar\u00e3o origem a dois beb\u00eas.\u00a0<\/p>\n\n\n\n<p>Desta forma, os dois embri\u00f5es ser\u00e3o do mesmo sexo e carregar\u00e3o o mesmo <a href=\"https:\/\/nilofrantz.com.br\/site26\/dna-caracteristicas-e-funcoes\/\" target=\"_blank\" rel=\"noreferrer noopener\">DNA<\/a>, afinal formaram-se a partir de uma \u00fanica fecunda\u00e7\u00e3o. Al\u00e9m disso, se essa ruptura celular acontecer mais uma vez, a gravidez pode resultar em trig\u00eameos, quadrig\u00eameos id\u00eanticos ou em at\u00e9 mais filhos.\u00a0<\/p>\n\n\n\n<p>Por outro lado, o tempo de demora na divis\u00e3o do zigoto vai determinar se os g\u00eameos univitelinos ir\u00e3o compartilhar ou n\u00e3o a placenta e o saco gestacional, o que impacta nos cuidados durante a gesta\u00e7\u00e3o. Nesse sentido, a gravidez em que os beb\u00eas encontram-se em uma \u00fanica placenta s\u00e3o sempre de maior risco. Por isso, devem ter um acompanhamento mais de perto.<\/p>\n\n\n\n<p>Classificam-se as gesta\u00e7\u00f5es de g\u00eameos monozig\u00f3ticos de acordo com o n\u00famero de placentas e bolsas. Confira na imagem abaixo:<\/p>\n\n\n\n<figure class=\"wp-block-image\"><img decoding=\"async\" src=\"https:\/\/lh4.googleusercontent.com\/59MwZj7yo-5Vj32H7hWHG5FKJWoygpkNzw0p0J5fYKQKNMF4A6gjKv3PeZ-d4S-WSOFBR_YyeM6bqlHfn5F2Fs7u36JhJvNAKFMI3Q6Blf236S6-4U9a4qfRmNNfGMiGZVayKMtg\" alt=\"\"\/><\/figure>\n\n\n\n<h3 class=\"wp-block-heading\" class=\"wp-block-heading\" id=\"bivitelinos\">Bivitelinos<\/h3>\n\n\n\n<p>Os g\u00eameos bivitelinos, tamb\u00e9m conhecidos como dizig\u00f3ticos ou fraternos, formam-se a partir da fecunda\u00e7\u00e3o de dois ou mais \u00f3vulos por dois ou mais espermatozoides. Ou seja, prov\u00e9m de zigotos diferentes.\u00a0<\/p>\n\n\n\n<p>Dessa forma, \u00e9 como se fossem gesta\u00e7\u00f5es isoladas mas que se desenvolvem ao mesmo tempo e no mesmo ambiente. Assim, os g\u00eameos bivitelinos s\u00e3o geneticamente diferentes. Ent\u00e3o, cada um tem sempre a sua placenta e a membrana, por\u00e9m compartilham o mesmo \u00fatero.<\/p>\n\n\n\n<h2 class=\"wp-block-heading\" class=\"wp-block-heading\" id=\"como-e-o-pre-natal-de-quem-esta-gravida-de-gemeos\">Como \u00e9 o pr\u00e9-natal de quem est\u00e1 gr\u00e1vida de g\u00eameos?<\/h2>\n\n\n\n<p>Considera-se a gesta\u00e7\u00e3o gemelar uma gravidez de alto risco, o que implica em mais cuidados em rela\u00e7\u00e3o \u00e0 m\u00e3e e aos beb\u00eas. Desta forma, o <a href=\"https:\/\/areademulher.r7.com\/saude\/pre-natal\/\">pr\u00e9-natal <\/a>das gr\u00e1vidas de m\u00faltiplos demanda uma aten\u00e7\u00e3o ainda mais especial do que ocorre nas <a href=\"https:\/\/nilofrantz.com.br\/site26\/gravidez\/\">gesta\u00e7\u00f5es<\/a> com apenas um feto.\u00a0<\/p>\n\n\n\n<p>Por esta raz\u00e3o, \u00e9 necess\u00e1rio a realiza\u00e7\u00e3o de mais consultas e de exames para que o m\u00e9dico possa acompanhar de perto o crescimento e desenvolvimento dos beb\u00eas. Nesse sentido, \u00e9 importante monitorar a sa\u00fade da gestante e dos fetos para identificar precocemente eventuais problemas e instituir o tratamento, se necess\u00e1rio.<\/p>\n\n\n\n<p>Veja qual a frequ\u00eancia indicada para as consultas m\u00e9dicas, em caso de gesta\u00e7\u00e3o gemelar:<\/p>\n\n\n\n<ul class=\"wp-block-list\"><li>Mensais: do in\u00edcio da gravidez at\u00e9 o final do 2\u00ba trimestre;<\/li><li>Quinzenais: a cada 15 dias, durante todo o 3\u00ba trimestre;<\/li><li>Semanais: por volta da 33\u00aa, 34\u00aa semana at\u00e9 o parto.<\/li><\/ul>\n\n\n\n<h3 class=\"wp-block-heading\" class=\"wp-block-heading\" id=\"exames\">Exames&nbsp;<\/h3>\n\n\n\n<p>Um dos primeiros exames realizados no pr\u00e9-natal de m\u00faltiplos \u00e9 a <a href=\"https:\/\/www.mdsaude.com\/gravidez\/ultrassom-gravidez\/\">ultrassonografia<\/a>. Ele serve para confirmar o n\u00famero de beb\u00eas e o tipo de gesta\u00e7\u00e3o gemelar. <\/p>\n\n\n\n<p>Nesse sentido, \u00e9 importante saber se os fetos dividem a mesma placenta (monocori\u00f4nicos), o que aumenta o risco de complica\u00e7\u00f5es. J\u00e1 nos casos em que h\u00e1 duas placentas, uma para cada feto, as chances de problemas s\u00e3o menores.<\/p>\n\n\n\n<p>E para que haja um controle mais pr\u00f3ximo da evolu\u00e7\u00e3o da gravidez, a ultrassonografia \u00e9 repetida mensalmente nas <a href=\"https:\/\/www.ihera.com.br\/noticias\/gestac-o-gemelar-monocorionica-monoamniotica\/\">gesta\u00e7\u00f5es dicori\u00f4nicas, ou quinzenalmente nas gesta\u00e7\u00f5es monocori\u00f4nicas<\/a>. Al\u00e9m disso, a avalia\u00e7\u00e3o pode ser completada atrav\u00e9s do ultrassom transvaginal.<\/p>\n\n\n\n<p>Da mesma forma, o m\u00e9dico costuma tamb\u00e9m solicitar <a href=\"https:\/\/nilofrantz.com.br\/site26\/exames-gestacionais\/\">exames gestacionais<\/a> mais frequentes. Isso para prevenir e diagnosticar anemia e outras doen\u00e7as como diabetes, que apresentam maior incid\u00eancia na gravidez de g\u00eameos.<\/p>\n\n\n\n<h3 class=\"wp-block-heading\" class=\"wp-block-heading\" id=\"quais-sao-os-riscos-da-gestacao-gemelar\">Quais s\u00e3o os riscos da gesta\u00e7\u00e3o gemelar?<\/h3>\n\n\n\n<p>Como j\u00e1 mencionado, a gesta\u00e7\u00e3o gemelar \u00e9 considerada de alto risco, e portanto, requer mais aten\u00e7\u00e3o tanto em rela\u00e7\u00e3o \u00e0 m\u00e3e, quanto aos beb\u00eas que se desenvolvem no \u00fatero. Como a gravidez de m\u00faltiplos sobrecarrega o organismo, existem mais chances de ocorrerem alguns problemas para a sa\u00fade da gestante e dos fetos.\u00a0<\/p>\n\n\n\n<h4 class=\"wp-block-heading\">Riscos para a m\u00e3e:<\/h4>\n\n\n\n<ul class=\"wp-block-list\"><li><a href=\"https:\/\/www.mdsaude.com\/gravidez\/eclampsia-e-pre-eclampsia\/\">Pr\u00e9-ecl\u00e2mpsia<\/a>: \u00e9 o surgimento de press\u00e3o arterial alta ap\u00f3s a 20\u00aa semana de gravidez, associado \u00e0 perda de prote\u00ednas na urina, chamada de protein\u00faria. Desta forma, a pr\u00e9-ecl\u00e2mpsia pode representar risco para a m\u00e3e e para a gravidez;<\/li><li><a href=\"https:\/\/www.mdsaude.com\/gravidez\/diabetes-gestacional\/\">Diabete gestacional<\/a>: o diabetes gestacional \u00e9 uma doen\u00e7a que afeta a forma como as c\u00e9lulas utilizam a glicose (a\u00e7\u00facar), provocando n\u00edveis elevados desta subst\u00e2ncia no sangue. Isso pode afetar o curso da gravidez e a sa\u00fade do beb\u00ea;<\/li><li><a href=\"https:\/\/www.msdmanuals.com\/pt-br\/profissional\/ginecologia-e-obstetr%C3%ADcia\/gesta%C3%A7%C3%A3o-complicada-por-doen%C3%A7as\/anemia-na-gesta%C3%A7%C3%A3o\">Anemia materna<\/a>: A anemia \u00e9 a condi\u00e7\u00e3o na qual o n\u00famero de c\u00e9lulas vermelhas do sangue e a sua capacidade de transporte de oxig\u00eanio s\u00e3o insuficientes para atender \u00e0s necessidades fisiol\u00f3gicas. Nesse sentido, as mulheres s\u00e3o 50% mais propensas a sofrer de anemia durante a gravidez quando se trata de g\u00eameos. Isto pode levar a uma fraca absor\u00e7\u00e3o de nutrientes e a uma s\u00e9rie de outros efeitos colaterais, tanto para a m\u00e3e como para o feto;\u00a0<\/li><li><a href=\"https:\/\/www.maternidadegemelar.com.br\/gravidez-gemelar-quando-um-feto-morre\/\">Aborto espont\u00e2neo<\/a>. Mais frequente em gravidezes m\u00faltiplas, pode ocasionar a perda de um s\u00f3 beb\u00ea, mesmo que os demais continuem desenvolvendo-se normalmente, ou pode afetar toda a gesta\u00e7\u00e3o;<\/li><li><a href=\"https:\/\/www.prematuridade.com\/index.php\/interna-post\/gravidez-de-gemeos-e-a-prematuridade-6690\">Parto prematuro:<\/a> Acontece em cerca de metade dos casos de gesta\u00e7\u00e3o gemelar. A m\u00e9dia de idade gestacional \u00e9 de 36 semanas para gesta\u00e7\u00e3o de g\u00eameos e de 28 a 33 semanas no caso da trigemelar ou mais fetos;<\/li><li><a href=\"https:\/\/www.mdsaude.com\/gravidez\/descolamento-prematuro-da-placenta\/\">Descolamento prematuro da placenta<\/a>&#8211; Tamb\u00e9m chamado de placenta abrupta ou desprendimento placent\u00e1rio, \u00e9 uma complica\u00e7\u00e3o incomum, por\u00e9m grave da gravidez. Ela ocorre quando a placenta descola-se parcial ou completamente do \u00fatero antes da hora do parto. Desta forma, a perda de contato entre a placenta e o \u00fatero pode n\u00e3o s\u00f3 privar o beb\u00ea de oxig\u00eanio e nutrientes, como tamb\u00e9m provocar hemorragia. Isso leva a uma volumosa perda de sangue por parte da m\u00e3e.<\/li><\/ul>\n\n\n\n<h4 class=\"wp-block-heading\">Riscos para os beb\u00eas:<\/h4>\n\n\n\n<ul class=\"wp-block-list\"><li><a href=\"https:\/\/www.scielo.mec.pt\/scielo.php?script=sci_arttext&amp;pid=S1646-58302017000400006\">S\u00edndrome da Transfus\u00e3o Feto-Fetal<\/a>: Acontece quando um beb\u00ea recebe mais sangue do que outro. Essa doen\u00e7a ocorre com mais frequ\u00eancia em gesta\u00e7\u00f5es univitelinas monocori\u00f4nicos. Ou seja, quando os fetos compartilham a mesma placenta;\u00a0<\/li><li><a href=\"https:\/\/educa.cetrus.com.br\/restricao-de-crescimento-intrauterino-diagnostico-atual-e-classificacao\/\">Restri\u00e7\u00e3o de crescimento intrauterino<\/a>: Se d\u00e1 quando um ou mais fetos n\u00e3o crescem adequadamente. Caso isso ocorra n\u00e3o h\u00e1 muito o que possa ser feito. \u00c0s vezes, inclusive, \u00e9 necess\u00e1rio um parto de emerg\u00eancia para garantir que os beb\u00eas fiquem bem;<\/li><li><a href=\"https:\/\/www.abc.med.br\/p\/gravidez\/1273268\/malformacoes+fetais+causas+tipos+diagnostico+tratamento+e+prevencao.htm\">Malforma\u00e7\u00e3o feta<\/a>l: malforma\u00e7\u00f5es card\u00edacas ou do tubo neural, est\u00e3o entre os riscos dos fetos que dividem a mesma placenta.<\/li><\/ul>\n\n\n\n<h2 class=\"wp-block-heading\" class=\"wp-block-heading\" id=\"mitos-e-verdades-sobre-gestacao-gemelar\">Mitos e verdades sobre gesta\u00e7\u00e3o gemelar<\/h2>\n\n\n\n<p>O universo da gesta\u00e7\u00e3o gemelar \u00e9 cheio de d\u00favidas, curiosidades e mitos que podem confundir a cabe\u00e7a das gestantes. Veja agora quais s\u00e3o os mitos e verdades sobre a gravidez de m\u00faltiplos.<\/p>\n\n\n\n<ul class=\"wp-block-list\"><li><strong>Os inc\u00f4modos da gravidez s\u00e3o maiores na gesta\u00e7\u00e3o m\u00faltipla? Verdade.<\/strong> Esses sintomas bem cl\u00e1ssicos da gravidez como sonol\u00eancia, n\u00e1useas intensas, dor nas costas, incha\u00e7o, azia e aumento de press\u00e3o s\u00e3o mais intensos na gesta\u00e7\u00e3o gemelar. Isso ocorre pois o organismo produz n\u00edveis mais altos de horm\u00f4nios;<\/li><li><strong>H\u00e1 mais chances de gesta\u00e7\u00e3o gemelar quando h\u00e1 casos na fam\u00edlia? Verdade<\/strong>.Quanto maior o n\u00famero de casos na fam\u00edlia em um menor grau de parentesco, maiores s\u00e3o as chances;<\/li><li><strong>O consumo de calorias deve ser maior na gravidez gemelar?Verdade<\/strong>. Por\u00e9m, isso n\u00e3o quer dizer ingerir comida por dois. O ideal \u00e9 contar com supervis\u00e3o do m\u00e9dico obstetra e de profissionais nutricionistas para indicar qual \u00e9 a forma correta de alimenta\u00e7\u00e3o. E, tamb\u00e9m, qual o ganho de peso ideal em cada fase da gravidez;<\/li><li><strong>Em uma gesta\u00e7\u00e3o gemelar \u00e9 preciso fazer mais consultas e exames durante o pr\u00e9-natal?Verdade<\/strong>. A gr\u00e1vida de g\u00eameos necessita de cuidados extras. Portanto deve ir ao consult\u00f3rio e realizar exames com uma frequ\u00eancia maior do que m\u00e3es que est\u00e3o esperando apenas um beb\u00ea;<\/li><li><strong>Todos os partos de g\u00eameos s\u00e3o prematuros? Mito<\/strong>. Nem todas as gesta\u00e7\u00f5es gemelares terminam prematuramente, antes da 37\u00aa semana. Com o pr\u00e9-natal bem realizado, alimenta\u00e7\u00e3o saud\u00e1vel e controle do peso muitas vezes se consegue evitar nascimentos <a href=\"https:\/\/www.minhavida.com.br\/familia\/tudo-sobre\/32670-parto-prematuro\">prematuros<\/a>. Entretanto, quando trata-se de trig\u00eameos, s\u00e3o rar\u00edssimas exce\u00e7\u00f5es em que o ciclo completo da gravidez consegue ser conclu\u00eddo;<\/li><li><strong>Os g\u00eameos n\u00e3o podem nascer de parto normal. Mito<\/strong>. Desde que n\u00e3o exista nenhuma complica\u00e7\u00e3o com os beb\u00eas e a gestante, \u00e9 poss\u00edvel realizar o <a href=\"https:\/\/nilofrantz.com.br\/site26\/parto-normal\/\" target=\"_blank\" rel=\"noreferrer noopener\">parto normal<\/a>. Para isso \u00e9 preciso que os beb\u00eas estejam na posi\u00e7\u00e3o correta para que o parto vaginal possa ocorrer de forma tranquila;<\/li><li><strong>O parto de g\u00eameos \u00e9 mais complicado. Verdade<\/strong>. Por se tratar de dois beb\u00eas, ou mais, a equipe m\u00e9dica precisa ser \u00e1gil na retirada dos fetos. Al\u00e9m disso, para lidar com o sangramento uterino da m\u00e3e, que geralmente \u00e9 mais intenso depois do parto;<\/li><li><strong>T\u00e9cnicas de <\/strong><a href=\"https:\/\/nilofrantz.com.br\/site26\/como-se-preparar-para-o-processo-de-reproducao-assistida\/\"><strong>Reprodu\u00e7\u00e3o Assistida<\/strong><\/a><strong> sempre resultam em g\u00eameos? Mito.<\/strong> Vai depender do n\u00famero de embri\u00f5es transferidos ao \u00fatero, e esta \u00e9 uma decis\u00e3o do especialista que avalia a necessidade de cada caso. Al\u00e9m disso, mesmo que seja usado apenas um embri\u00e3o, existe a possibilidade de divis\u00e3o embrion\u00e1ria espont\u00e2nea. Isso pode acontecer em qualquer tipo de gravidez, natural ou atrav\u00e9s de reprodu\u00e7\u00e3o humana.<\/li><\/ul>\n\n\n\n<h2 class=\"wp-block-heading\" class=\"wp-block-heading\" id=\"cuidados-para-ter-durante-a-gestacao-gemelar\">Cuidados para ter durante a gesta\u00e7\u00e3o gemelar<\/h2>\n\n\n\n<p>A gravidez gemelar requer cuidados parecidos com os de uma gravidez normal. Ou seja, quando h\u00e1 apenas um bebe em desenvolvimento no \u00fatero, por\u00e9m a aten\u00e7\u00e3o deve ser redobrada. Nesse sentido, a gestante deve se preocupar em manter uma alimenta\u00e7\u00e3o equilibrada, n\u00e3o ganhar peso em excesso e fazer exerc\u00edcios f\u00edsicos adequados. Tudo para manter uma rotina de vida saud\u00e1vel e evitar poss\u00edveis complica\u00e7\u00f5es na gravidez.\u00a0<\/p>\n\n\n\n<p>Veja na imagem abaixo algumas dicas para quem est\u00e1 passando por uma gesta\u00e7\u00e3o gemelar:<\/p>\n\n\n\n<figure class=\"wp-block-image\"><img decoding=\"async\" src=\"https:\/\/lh3.googleusercontent.com\/85KuCmKl8KZYeDN8W87lC7PEVCoP2UsIq-qb3RoTOI4vArod7pHbUDZ7Ms0pOOCSKJDGRGjmT_oi0An3cH8xYN_qDoDbBDhPX3CifXxA7EsAOoVGzY9UgP5n8-tbb8jjKohTc-qB\" alt=\"Classifica\u00e7\u00e3o da gesta\u00e7\u00e3o de g\u00eameos monozig\u00f3ticos\"\/><\/figure>\n\n\n\n<h2 class=\"wp-block-heading\" class=\"wp-block-heading\" id=\"ha-mais-chances-de-gestacao-gemelar-por-meio-da-fiv\">H\u00e1 mais chances de gesta\u00e7\u00e3o gemelar por meio da FIV?<\/h2>\n\n\n\n<p>A incid\u00eancia de gesta\u00e7\u00f5es gemelares, em casos de <a href=\"https:\/\/nilofrantz.com.br\/site26\/5-mitos-sobre-a-fertilizacao-in-vitro\/\">Fertiliza\u00e7\u00e3o <em>in Vitro<\/em><\/a>, era grande nos primeiros anos de uso desta t\u00e9cnica da medicina reprodutiva que combate a <a href=\"https:\/\/nilofrantz.com.br\/site26\/tratamento-de-infertilidade-fiv\/\">infertilidade<\/a>. Isto ocorria pois, com objetivo de aumentar as chances de uma gravidez, costumava-se transferir v\u00e1rios embri\u00f5es ao \u00fatero materno. Aumentava-se, assim, as taxas de nascimentos de g\u00eameos. <\/p>\n\n\n\n<p>Por\u00e9m, com a evolu\u00e7\u00e3o das t\u00e9cnicas de reprodu\u00e7\u00e3o assistida, que permitem hoje a produ\u00e7\u00e3o e a sele\u00e7\u00e3o dos embri\u00f5es de melhor qualidade, essa realidade mudou.\u00a0<\/p>\n\n\n\n<p>Nesse sentido, a partir de 2010, (com atualiza\u00e7\u00f5es em 2017), o <a href=\"https:\/\/www.legisweb.com.br\/legislacao\/?id=352362\">Conselho Federal de Medicina (CFM)<\/a> passou a recomendar a transfer\u00eancia de n\u00famero m\u00e1ximo de embri\u00f5es, de acordo com a idade da mulher. A inten\u00e7\u00e3o foi reduzir as chances de gesta\u00e7\u00f5es m\u00faltiplas nos tratamentos de reprodu\u00e7\u00e3o humana, pois s\u00e3o consideradas gravidez de alto risco.<\/p>\n\n\n\n<p>Confira a indica\u00e7\u00e3o do Conselho Federal de Medicina (CFM):<\/p>\n\n\n\n<figure class=\"wp-block-image\"><img decoding=\"async\" src=\"https:\/\/lh6.googleusercontent.com\/SW0v-b_9Iwn4_IpMmw1kZ65g--Iim2fYL0W4EGR7aXw2K8FXBKSJfH9XiitlV6CyFSMlmqQyAi42iIVO4hlP6p9MdH59lYHMzF1BhafG0sTEv5BYszm3lfJpk4KAw-QKtMglpaib\" alt=\"Limite de embri\u00f5es transferidos pela idade da mulher\"\/><\/figure>\n\n\n\n<p>Mesmo assim, vale salientar que a decis\u00e3o sobre a quantidade de embri\u00f5es a ser transferidos deve ser feita pelos pacientes com o m\u00e9dico. Nesse sentido, leva-se em considera\u00e7\u00e3o ainda outros fatores como n\u00famero de embri\u00f5es dispon\u00edveis, tentativas anteriores, desejo (ou n\u00e3o) de gesta\u00e7\u00e3o gemelar e poss\u00edveis complica\u00e7\u00f5es.<\/p>\n\n\n\n<p>Nos casos de receptoras de \u00f3vulos doados, considera-se a idade da doadora (sempre abaixo de 35 anos) e n\u00e3o da receptora. Desta forma, a recomenda\u00e7\u00e3o \u00e9 de transferir at\u00e9 dois embri\u00f5es. Quer saber ainda mais sobre fertiliza\u00e7\u00e3o<em> in vitro<\/em>? Ent\u00e3o <a href=\"https:\/\/conteudo.nilofrantz.com.br\/am-ebook-fertilizacao-in-vitro-como-o-metodo-garantiu-o-aumento-das-taxas-de-sucesso-na-reproducao-assistida\">baixe o nosso e-book<\/a> gratuitamente!<\/p>\n\n\n\n<figure class=\"wp-block-image size-large\"><a href=\"https:\/\/conteudo.nilofrantz.com.br\/am-ebook-fertilizacao-in-vitro-como-o-metodo-garantiu-o-aumento-das-taxas-de-sucesso-na-reproducao-assistida\"><img fetchpriority=\"high\" decoding=\"async\" width=\"1024\" height=\"508\" src=\"https:\/\/nilofrantz.com.br\/site26\/wp-content\/uploads\/2019\/09\/banner-ebook-fiv-1024x508.png\" alt=\"banner ebook fiv\" class=\"wp-image-8237\" srcset=\"https:\/\/nilofrantz.com.br\/site26\/wp-content\/uploads\/2019\/09\/banner-ebook-fiv-1024x508.png 1024w, https:\/\/nilofrantz.com.br\/site26\/wp-content\/uploads\/2019\/09\/banner-ebook-fiv-300x149.png 300w, https:\/\/nilofrantz.com.br\/site26\/wp-content\/uploads\/2019\/09\/banner-ebook-fiv-768x381.png 768w, https:\/\/nilofrantz.com.br\/site26\/wp-content\/uploads\/2019\/09\/banner-ebook-fiv-1536x762.png 1536w, https:\/\/nilofrantz.com.br\/site26\/wp-content\/uploads\/2019\/09\/banner-ebook-fiv.png 1584w\" sizes=\"(max-width: 1024px) 100vw, 1024px\" \/><\/a><\/figure>\n","protected":false},"excerpt":{"rendered":"<p>A not\u00edcia da gesta\u00e7\u00e3o gemelar \u00e9 sempre acompanhada de muitas perguntas e anseios. Afinal, gestar mais de um beb\u00ea tem suas peculiaridades e requer mais cuidados durante todo o pr\u00e9-natal.\u00a0 Sendo assim, o que fazer para que a gesta\u00e7\u00e3o m\u00faltipla seja tranquila? H\u00e1 riscos para a m\u00e3e e para os beb\u00eas? Como vai ser o [&hellip;]<\/p>\n","protected":false},"author":12,"featured_media":8366,"comment_status":"open","ping_status":"open","sticky":false,"template":"","format":"standard","meta":{"_acf_changed":false,"footnotes":""},"categories":[18],"tags":[304,303,301,302],"class_list":["post-8364","post","type-post","status-publish","format-standard","has-post-thumbnail","hentry","category-duvidas","tag-cuidados-na-gestacao-gemelar","tag-mitos-e-verdade-sobre-a-gestacao-gemelar","tag-o-que-e-gestacao-gemelar","tag-tipos-de-gestacao-gemelar"],"acf":[],"_links":{"self":[{"href":"https:\/\/nilofrantz.com.br\/site26\/wp-json\/wp\/v2\/posts\/8364","targetHints":{"allow":["GET"]}}],"collection":[{"href":"https:\/\/nilofrantz.com.br\/site26\/wp-json\/wp\/v2\/posts"}],"about":[{"href":"https:\/\/nilofrantz.com.br\/site26\/wp-json\/wp\/v2\/types\/post"}],"author":[{"embeddable":true,"href":"https:\/\/nilofrantz.com.br\/site26\/wp-json\/wp\/v2\/users\/12"}],"replies":[{"embeddable":true,"href":"https:\/\/nilofrantz.com.br\/site26\/wp-json\/wp\/v2\/comments?post=8364"}],"version-history":[{"count":0,"href":"https:\/\/nilofrantz.com.br\/site26\/wp-json\/wp\/v2\/posts\/8364\/revisions"}],"wp:featuredmedia":[{"embeddable":true,"href":"https:\/\/nilofrantz.com.br\/site26\/wp-json\/wp\/v2\/media\/8366"}],"wp:attachment":[{"href":"https:\/\/nilofrantz.com.br\/site26\/wp-json\/wp\/v2\/media?parent=8364"}],"wp:term":[{"taxonomy":"category","embeddable":true,"href":"https:\/\/nilofrantz.com.br\/site26\/wp-json\/wp\/v2\/categories?post=8364"},{"taxonomy":"post_tag","embeddable":true,"href":"https:\/\/nilofrantz.com.br\/site26\/wp-json\/wp\/v2\/tags?post=8364"}],"curies":[{"name":"wp","href":"https:\/\/api.w.org\/{rel}","templated":true}]}}