{"id":8360,"date":"2020-12-30T09:50:00","date_gmt":"2020-12-30T12:50:00","guid":{"rendered":"https:\/\/nilofrantz.com.br\/site26\/?p=8360"},"modified":"2021-03-11T11:48:09","modified_gmt":"2021-03-11T14:48:09","slug":"hpv-na-gravidez","status":"publish","type":"post","link":"https:\/\/nilofrantz.com.br\/site26\/blog\/2020\/12\/30\/hpv-na-gravidez\/","title":{"rendered":"HPV na gravidez: h\u00e1 riscos para a gestante ou para o beb\u00ea?"},"content":{"rendered":"\n<p>O HPV na gravidez <a href=\"https:\/\/www2.ebserh.gov.br\/web\/mejc-ufrn\/noticia-destaque\/-\/asset_publisher\/mUhqpXBVQ6gZ\/content\/id\/2856072\/2018-02-especialista-da-maternidade-alerta-sobre-os-riscos-da-hpv-durante-a-gravidez\" target=\"_blank\" rel=\"noreferrer noopener\">pode gerar preocupa\u00e7\u00f5es<\/a> e in\u00fameras d\u00favidas entre as futuras mam\u00e3es. Isto ocorre porque o <a href=\"https:\/\/www.dive.sc.gov.br\/index.php\/d-a\/item\/infeccao-pelo-papiloma-virus-humano\">Papilomav\u00edrus Humano<\/a> \u00e9 uma <a href=\"https:\/\/nilofrantz.com.br\/site26\/imprensa\/doencas-sexualmente-transmissiveis-podem-causar-infertilidade\/#0\">infec\u00e7\u00e3o sexualmente transmiss\u00edvel<\/a> (IST) e respons\u00e1vel por 70% dos casos de <a href=\"https:\/\/www.inca.gov.br\/tipos-de-cancer\/cancer-do-colo-do-utero\" target=\"_blank\" rel=\"noreferrer noopener\">c\u00e2ncer no colo do \u00fatero<\/a>. Assim, considera-se a terceira principal causa de morte entre as mulheres no Brasil.<\/p>\n\n\n\n<p>Por esta raz\u00e3o, neste texto, vamos esclarecer sobre os riscos da doen\u00e7a, tanto para a gestante quanto para o beb\u00ea. Al\u00e9m do mais, informar sobre as op\u00e7\u00f5es de tratamento e como \u00e9 poss\u00edvel prevenir o HPV na gravidez.<\/p>\n\n\n\n<h2 class=\"wp-block-heading\" class=\"wp-block-heading\" id=\"o-que-e-hpv\">O que \u00e9 HPV?<\/h2>\n\n\n\n<p>O<a href=\"https:\/\/www.minhavida.com.br\/saude\/temas\/hpv\" target=\"_blank\" rel=\"noreferrer noopener\"> HPV<\/a> \u00e9 um <a href=\"https:\/\/portalarquivos2.saude.gov.br\/images\/pdf\/2014\/marco\/07\/guia-perguntas-repostas-MS-HPV-profissionais-saude2.pdf\" target=\"_blank\" rel=\"noreferrer noopener\">v\u00edrus altamente contagioso<\/a>, transmitido, em geral, pelo contato com a pele ou mucosa atrav\u00e9s do ato sexual. Nesse sentido, existem mais de 150 tipos diferentes de HPV, sendo que 12 s\u00e3o de alto risco. Dessa forma, a infec\u00e7\u00e3o \u00e9 uma das doen\u00e7as mais comuns entre adultos sexualmente ativos. Ela pode causar tanto <a href=\"https:\/\/www.sbd.org.br\/dermatologia\/pele\/doencas-e-problemas\/condiloma\/36\/\" target=\"_blank\" rel=\"noreferrer noopener\">verrugas benignas (condilomas)<\/a>, como les\u00f5es s\u00e9rias precursoras de c\u00e2ncer de colo de \u00fatero, garganta ou \u00e2nus.<\/p>\n\n\n\n<p>Sendo assim, \u00e9 importante alertar que ap\u00f3s o cont\u00e1gio, pelo menos 5% das mulheres desenvolvem c\u00e2ncer de \u00fatero em um prazo de dois a 10 anos. Contudo, v\u00e1rios tipos s\u00e3o de baixo risco e desaparecem sem tratamento. Dessa maneira, muitas pessoas, por n\u00e3o terem les\u00f5es, nem percebem que s\u00e3o portadoras deste v\u00edrus.<\/p>\n\n\n\n<p>Por esta raz\u00e3o, a <a href=\"https:\/\/cron.med.br\/hpv-virus-transmissivel\/\">Organiza\u00e7\u00e3o Mundial da Sa\u00fade<\/a> prev\u00ea que mais de 80% das mulheres sexualmente ativas ter\u00e3o infec\u00e7\u00e3o pelo HPV em algum momento de suas vidas. E essa porcentagem pode ser ainda maior nos homens. Nesse sentido, estima-se que, atualmente, entre 25% a 50% da popula\u00e7\u00e3o feminina e 50% da masculina esteja contaminada pelo HPV em todo o mundo. No Brasil, o dado tamb\u00e9m \u00e9 alarmante: <a href=\"https:\/\/drauziovarella.uol.com.br\/homem-2\/mais-da-metade-dos-jovens-tem-hpv-no-brasil\/amp\/\" target=\"_blank\" rel=\"noreferrer noopener\">mais da metade dos jovens <\/a>que mant\u00eam rela\u00e7\u00f5es sexuais possuem o v\u00edrus.<\/p>\n\n\n\n<h2 class=\"wp-block-heading\" class=\"wp-block-heading\" id=\"qual-o-risco-do-hpv-na-gravidez\">Qual o risco do HPV na gravidez?<\/h2>\n\n\n\n<p>As altera\u00e7\u00f5es hormonais e a<a href=\"https:\/\/www.tuasaude.com\/hpv-na-gravidez\/\"> baixa resist\u00eancia imunol\u00f3gica das mulheres,<\/a> nos primeiros meses de gesta\u00e7\u00e3o, predisp\u00f5e ao desenvolvimento do HPV, caso elas j\u00e1 tenham o v\u00edrus no corpo. Por esta raz\u00e3o, a grande preocupa\u00e7\u00e3o das m\u00e3es quando descobrem o HPV na gravidez \u00e9 de estar transmitindo a doen\u00e7a ao seu beb\u00ea.<\/p>\n\n\n\n<p>Por\u00e9m, h\u00e1 comprova\u00e7\u00e3o cient\u00edfica que o HPV n\u00e3o amea\u00e7a a evolu\u00e7\u00e3o da gesta\u00e7\u00e3o e, tampouco, oferece riscos ao desenvolvimento fetal. No entanto, a doen\u00e7a pode ter transmiss\u00e3o durante o parto e, por isso, deve ter tratamento at\u00e9 a 34\u00ba semana gestacional.<\/p>\n\n\n\n<h2 class=\"wp-block-heading\" class=\"wp-block-heading\" id=\"como-tratar-o-hpv-na-gravidez\">Como tratar o HPV na gravidez?<\/h2>\n\n\n\n<p>O tratamento do HPV na gravidez deve ser feito de acordo com a orienta\u00e7\u00e3o do obstetra, que avalia o tamanho das les\u00f5es e onde elas est\u00e3o localizadas. Nesse sentido, se a les\u00e3o estiver na parte externa da genit\u00e1lia, pode ter retirada com a <a href=\"https:\/\/www.manipulae.com.br\/artigos\/acido-tricloroacetico:-aplicacoes-e-cuidados-essenciais\" target=\"_blank\" rel=\"noreferrer noopener\">ajuda de \u00e1cidos<\/a>.\u00a0<\/p>\n\n\n\n<p>Caso sejam maiores e mais graves, ser\u00e1 necess\u00e1ria a realiza\u00e7\u00e3o de uma cirurgia. Sendo assim, estes procedimentos est\u00e3o liberados em qualquer fase da gesta\u00e7\u00e3o. Por\u00e9m, o ideal \u00e9 que sejam feitos at\u00e9 a <a href=\"https:\/\/mdemulher.abril.com.br\/bebe\/semana-34-gravidez-ultrassom-checa-o-peso\">34<sup>a<\/sup> semana<\/a>, para garantir uma boa cicatriza\u00e7\u00e3o antes do parto.<\/p>\n\n\n\n<p>Por outro lado, existem outros m\u00e9todos utilizados para o tratamento e retirada das verrugas. Entretanto, eles n\u00e3o s\u00e3o indicados quando se tem HPV na gravidez. Desta forma, as t\u00e9cnicas contraindicadas nesta fase s\u00e3o a <a href=\"https:\/\/sauceurologia.com.br\/eletrocauterizacao-de-hpv\/\" target=\"_blank\" rel=\"noreferrer noopener\">eletrocauteriza\u00e7\u00e3o<\/a>, que estimula a contra\u00e7\u00e3o uterina e os<a href=\"https:\/\/cuidadospelavida.com.br\/saude-e-tratamento\/baixa-imunidade\/como-agem-imunomoduladores\" target=\"_blank\" rel=\"noreferrer noopener\"> imunomoduladores<\/a>, que podem oferecer riscos \u00e0 gravidez.<\/p>\n\n\n\n<p>Vale ressaltar ainda que caso o HPV afete as c\u00e9lulas do colo uterino, o m\u00e9dico pode esperar para trat\u00e1-las ap\u00f3s o parto. Assim, depois que o beb\u00ea nascer, as les\u00f5es devem ser rapidamente removidas.<\/p>\n\n\n\n<h2 class=\"wp-block-heading\" class=\"wp-block-heading\" id=\"pode-ocorrer-transmissao-de-hpv-durante-o-parto\">Pode ocorrer transmiss\u00e3o de HPV durante o parto?<\/h2>\n\n\n\n<p>Se as les\u00f5es do HPV n\u00e3o tiverem tratamento durante a gravidez, existe um risco de transmiss\u00e3o do v\u00edrus para o beb\u00ea atrav\u00e9s do canal de parto. Isso pois o rec\u00e9m-nascido entra diretamente em contato com as c\u00e9lulas infectadas da vagina. Por\u00e9m n\u00e3o \u00e9 comum a crian\u00e7a se contaminar.<\/p>\n\n\n\n<p>Por esta raz\u00e3o, de acordo com a Organiza\u00e7\u00e3o Mundial da Sa\u00fade, o parto normal n\u00e3o \u00e9 contraindicado, e s\u00f3 se recomenda a cirurgia por <a href=\"https:\/\/nilofrantz.com.br\/site26\/tudo-sobre-cesarea\/#0\">cesariana<\/a> se a m\u00e3e tiver les\u00f5es muito grandes.<\/p>\n\n\n\n<h2 class=\"wp-block-heading\" class=\"wp-block-heading\" id=\"o-que-o-hpv-pode-causar-no-bebe\">O que o HPV pode causar no beb\u00ea?<\/h2>\n\n\n\n<p>Como j\u00e1 explicamos, a contamina\u00e7\u00e3o do rec\u00e9m-nascido pelo HPV n\u00e3o costuma ser uma amea\u00e7a \u00e0 vida do pequeno. Isto ocorre, pois apesar do contato, o beb\u00ea na maioria das vezes consegue eliminar o v\u00edrus rapidamente do organismo. Entretanto, em alguns casos raros, o papilomav\u00edrus pode aparecer.<\/p>\n\n\n\n<p>Nesse sentido, a manifesta\u00e7\u00e3o mais temida \u00e9 a <a href=\"https:\/\/www.scielo.br\/scielo.php?pid=S1809-48722012000100016&amp;script=sci_abstract&amp;tlng=pt\" target=\"_blank\" rel=\"noreferrer noopener\">Papilomatose Respirat\u00f3ria Recorrente (PRR)<\/a>, um tumor benigno epitelial que atinge principalmente a laringe. Nesse sentido, a maioria das crian\u00e7as apresenta a primeira manifesta\u00e7\u00e3o da doen\u00e7a entre 2 e 4 anos de vida, sendo o sintoma mais comum a <a href=\"https:\/\/dralexandrecesar.com.br\/disfoniarouquidao\/\" target=\"_blank\" rel=\"noreferrer noopener\">disfonia.<\/a> <\/p>\n\n\n\n<p>Sendo assim, o crescimento progressivo das les\u00f5es pode resultar em <a href=\"https:\/\/www.minhavida.com.br\/saude\/tudo-sobre\/36254-dispneia\">dispneia<\/a> e <a href=\"https:\/\/www.msdmanuals.com\/pt\/casa\/dist%C3%BArbios-pulmonares-e-das-vias-respirat%C3%B3rias\/sintomas-de-dist%C3%BArbios-pulmonares\/estridor\">estridor<\/a>, e em casos rar\u00edssimos, a doen\u00e7a \u00e9 fatal devido \u00e0 obstru\u00e7\u00e3o severa das vias a\u00e9reas ou por <a href=\"https:\/\/www.scielo.br\/scielo.php?pid=S1809-48722012000100016&amp;script=sci_abstract&amp;tlng=pt\">degenera\u00e7\u00e3o maligna.<\/a> Como ainda n\u00e3o h\u00e1 um tratamento que erradique completamente o HPV, os m\u00e9dicos indicam cirurgias para a remo\u00e7\u00e3o das les\u00f5es e, em alguns casos mais recorrentes, ainda o uso de antivirais e a aplica\u00e7\u00e3o da vacina.<\/p>\n\n\n\n<p>Al\u00e9m das cordas vocais da crian\u00e7a, as verrugas tamb\u00e9m podem surgir na regi\u00e3o gential, ocular e mucosa da boca e do nariz.&nbsp;<\/p>\n\n\n\n<h2 class=\"wp-block-heading\" class=\"wp-block-heading\" id=\"quem-tem-o-virus-do-hpv-pode-amamentar\">Quem tem o v\u00edrus do HPV pode amamentar?<\/h2>\n\n\n\n<p>Ap\u00f3s o nascimento do beb\u00ea, \u00e9 aconselhado que a mulher seja novamente examinada para verificar a exist\u00eancia ou n\u00e3o do HPV. Caso ela ainda esteja com o v\u00edrus ativo, \u00e9 preciso que ela continue o tratamento.<\/p>\n\n\n\n<p>Nesse sentido, se a m\u00e3e n\u00e3o tem verrugas em seus seios, n\u00e3o existe a menor chance de transmiss\u00e3o do v\u00edrus para o rec\u00e9m-nascido, pois o cont\u00e1gio ocorre por contato com a pele. Dessa forma, \u00e9 importante ressaltar que o tratamento para o HPV no p\u00f3s-parto n\u00e3o impede a amamenta\u00e7\u00e3o, pois o papilomav\u00edrus n\u00e3o passa para o leite materno.<\/p>\n\n\n\n<h2 class=\"wp-block-heading\" class=\"wp-block-heading\" id=\"como-se-prevenir-do-hpv\">Como se prevenir do HPV?<\/h2>\n\n\n\n<p>O uso de <a href=\"https:\/\/www.aids.gov.br\/pt-br\/publico-geral\/prevencao-combinada\/preservativo\" target=\"_blank\" rel=\"noreferrer noopener\">preservativo<\/a> sempre \u00e9 um importante aliado na prote\u00e7\u00e3o contra o HPV. Por\u00e9m, a vacina ainda \u00e9 a melhor maneira de se proteger deste v\u00edrus, que pode causar c\u00e2ncer de colo de \u00fatero, de p\u00eanis, orofaringe e \u00e2nus.<\/p>\n\n\n\n<p>Por esta raz\u00e3o, no Brasil, o <a href=\"https:\/\/www.inca.gov.br\/perguntas-frequentes\/quem-pode-ser-vacinado-contra-o-hpv\">Sistema \u00danico de Sa\u00fade (SUS) disponibiliza gratuitamente <\/a>a vacina quadrivalente contra o HPV, que se aplica em tr\u00eas doses, com intervalo de seis meses. Nesse sentido, as meninas devem ter imuniza\u00e7\u00e3o entre 9 a 14 anos, e os meninos com a idade entre 11 a 14. Al\u00e9m disso, tamb\u00e9m se recomenda a vacina para mulheres de at\u00e9 26 anos. Por\u00e9m, para este grupo, ela s\u00f3 est\u00e1 dispon\u00edvel em cl\u00ednicas particulares.<\/p>\n\n\n\n<p>Vale ainda lembrar, que a partir do in\u00edcio da vida sexual, todas as mulheres precisam fazer o exame de <a href=\"https:\/\/www.minhavida.com.br\/saude\/materias\/15982-papanicolau-quem-deve-fazer-e-quais-doencas-o-exame-detecta\">Papanicolau<\/a> regularmente. Desta maneira, o exame preventivo pode detectar a presen\u00e7a, ainda impercept\u00edvel, do v\u00edrus no colo do \u00fatero. <a href=\"https:\/\/nilofrantz.com.br\/site26\/exames-gestacionais\/#0\">Para as gr\u00e1vidas<\/a>, por sua vez, se recomenda apenas at\u00e9 o quarto m\u00eas de gesta\u00e7\u00e3o, n\u00e3o causando mal \u00e0 cavidade uterina ou ao beb\u00ea.<\/p>\n\n\n\n<p>O v\u00edrus HIV \u00e9 outro tema tabu que precisa ser discutido com urg\u00eancia. <a href=\"https:\/\/conteudo.nilofrantz.com.br\/dezembro-vermelho-quem-tem-hiv-pode-ter-filhos\">Baixe nosso e-book<\/a> gratuitamente e saiba mais sobre a tem\u00e1tica!<\/p>\n\n\n\n<div class=\"wp-block-image\"><figure class=\"aligncenter size-large\"><a href=\"https:\/\/conteudo.nilofrantz.com.br\/dezembro-vermelho-quem-tem-hiv-pode-ter-filhos\"><img fetchpriority=\"high\" decoding=\"async\" width=\"1024\" height=\"411\" src=\"https:\/\/nilofrantz.com.br\/site26\/wp-content\/uploads\/2020\/12\/Site.png\" alt=\"ebook Dezembro Vermelho: Quem tem HIV pode ter filhos\" class=\"wp-image-8338\" srcset=\"https:\/\/nilofrantz.com.br\/site26\/wp-content\/uploads\/2020\/12\/Site.png 1024w, https:\/\/nilofrantz.com.br\/site26\/wp-content\/uploads\/2020\/12\/Site-300x120.png 300w, https:\/\/nilofrantz.com.br\/site26\/wp-content\/uploads\/2020\/12\/Site-768x308.png 768w\" sizes=\"(max-width: 1024px) 100vw, 1024px\" \/><\/a><\/figure><\/div>\n\n\n\n<p><\/p>\n","protected":false},"excerpt":{"rendered":"<p>O HPV na gravidez pode gerar preocupa\u00e7\u00f5es e in\u00fameras d\u00favidas entre as futuras mam\u00e3es. Isto ocorre porque o Papilomav\u00edrus Humano \u00e9 uma infec\u00e7\u00e3o sexualmente transmiss\u00edvel (IST) e respons\u00e1vel por 70% dos casos de c\u00e2ncer no colo do \u00fatero. Assim, considera-se a terceira principal causa de morte entre as mulheres no Brasil. Por esta raz\u00e3o, neste [&hellip;]<\/p>\n","protected":false},"author":12,"featured_media":8361,"comment_status":"open","ping_status":"open","sticky":false,"template":"","format":"standard","meta":{"_acf_changed":false,"footnotes":""},"categories":[18],"tags":[300,299,297,298],"class_list":["post-8360","post","type-post","status-publish","format-standard","has-post-thumbnail","hentry","category-duvidas","tag-como-prevenir-o-hpv","tag-como-tratar-hpv","tag-o-que-e-hpv","tag-riscos-do-hpv-na-gravidez"],"acf":[],"_links":{"self":[{"href":"https:\/\/nilofrantz.com.br\/site26\/wp-json\/wp\/v2\/posts\/8360","targetHints":{"allow":["GET"]}}],"collection":[{"href":"https:\/\/nilofrantz.com.br\/site26\/wp-json\/wp\/v2\/posts"}],"about":[{"href":"https:\/\/nilofrantz.com.br\/site26\/wp-json\/wp\/v2\/types\/post"}],"author":[{"embeddable":true,"href":"https:\/\/nilofrantz.com.br\/site26\/wp-json\/wp\/v2\/users\/12"}],"replies":[{"embeddable":true,"href":"https:\/\/nilofrantz.com.br\/site26\/wp-json\/wp\/v2\/comments?post=8360"}],"version-history":[{"count":0,"href":"https:\/\/nilofrantz.com.br\/site26\/wp-json\/wp\/v2\/posts\/8360\/revisions"}],"wp:featuredmedia":[{"embeddable":true,"href":"https:\/\/nilofrantz.com.br\/site26\/wp-json\/wp\/v2\/media\/8361"}],"wp:attachment":[{"href":"https:\/\/nilofrantz.com.br\/site26\/wp-json\/wp\/v2\/media?parent=8360"}],"wp:term":[{"taxonomy":"category","embeddable":true,"href":"https:\/\/nilofrantz.com.br\/site26\/wp-json\/wp\/v2\/categories?post=8360"},{"taxonomy":"post_tag","embeddable":true,"href":"https:\/\/nilofrantz.com.br\/site26\/wp-json\/wp\/v2\/tags?post=8360"}],"curies":[{"name":"wp","href":"https:\/\/api.w.org\/{rel}","templated":true}]}}