{"id":8104,"date":"2020-10-14T10:15:00","date_gmt":"2020-10-14T13:15:00","guid":{"rendered":"https:\/\/nilofrantz.com.br\/site26\/previa\/?p=8104"},"modified":"2026-02-13T14:12:50","modified_gmt":"2026-02-13T17:12:50","slug":"aborto-retido","status":"publish","type":"post","link":"https:\/\/nilofrantz.com.br\/site26\/blog\/2020\/10\/14\/aborto-retido\/","title":{"rendered":"Aborto retido: conhe\u00e7a os riscos e como realizar tratamento"},"content":{"rendered":"\n<p>O aborto retido ou o abortamento incompleto \u00e9 quando n\u00e3o existe mais batimentos card\u00edacos do feto e o embri\u00e3o fica sem vida por semanas ou at\u00e9 meses dentro do \u00fatero da m\u00e3e.<\/p>\n\n\n\n<p>Nesse sentido, o aborto retido \u00e9 diferente do aborto completo, no qual o embri\u00e3o, o saco gestacional e todo o res\u00edduo s\u00e3o expelidos pelo corpo naturalmente. Sendo assim, no aborto retido, o embri\u00e3o e os restos ovulares continuam dentro do corpo da gestante. O fen\u00f4meno, que ocorre geralmente entre a 6\u00aa e a 14\u00aa semana de gesta\u00e7\u00e3o, possibilita o risco de infec\u00e7\u00e3o e complica\u00e7\u00f5es para a mulher.<\/p>\n\n\n\n<p>Dessa maneira, se o feto n\u00e3o for expulso naturalmente no decorrer de 30 dias, ser\u00e1 necess\u00e1ria a interven\u00e7\u00e3o m\u00e9dica para sua retirada. Tal procedimento pode ocorrer atrav\u00e9s de estimula\u00e7\u00e3o medicamentosa ou de <a href=\"\/\/www.trocandofraldas.com.br\/curetagem-uterina-como-e-o-procedimento-e-quando-deve-ser-feito\/\" target=\"_blank\" rel=\"noreferrer noopener\">curetagem.<\/a><\/p>\n\n\n\n<p>Vale ainda lembrar que sofrer um aborto n\u00e3o \u00e9 f\u00e1cil para a mulher, mas ainda assim \u00e9 a complica\u00e7\u00e3o mais comum no primeiro trimestre da gesta\u00e7\u00e3o. Nesse sentido, aproximadamente 20% das mulheres passam por uma perda gestacional no per\u00edodo.<\/p>\n\n\n\n<h2 class=\"wp-block-heading\" class=\"wp-block-heading\" id=\"quais-sao-os-sinais-do-aborto-retido\">Quais s\u00e3o os sinais do aborto retido?<\/h2>\n\n\n\n<p>A mulher pode sentir alguns sinais que indiquem que ela est\u00e1 sofrendo um aborto retido. Entretanto, muitas gestantes podem ser assintom\u00e1ticas e passar v\u00e1rias semanas sem notar algum sinal. Por esta raz\u00e3o, \u00e9 de extrema import\u00e2ncia realizar o acompanhamento m\u00e9dico e <a href=\"\/\/nilofrantz.com.br\/site26\/blog\/exames-gestacionais\/,\" target=\"_blank\" rel=\"noreferrer noopener\">todos os exames do pr\u00e9-natal<\/a> como a ultrassonografia e exames de sangue laboratorial.<\/p>\n\n\n\n<p>Para as mulheres que t\u00eam sintomas de aborto retido, os sinais mais comuns s\u00e3o:<\/p>\n\n\n\n<ul class=\"wp-block-list\">\n<li>Sangramento vermelho vivo ou em cor marrom;<\/li>\n\n\n\n<li><a href=\"\/\/www.uol.com.br\/vivabem\/noticias\/redacao\/2019\/06\/11\/dor-pelvica-pode-ter-causa-ginecologica-e-intestinal-e-renal.htm\/\" target=\"_blank\" rel=\"noreferrer noopener\">Dor p\u00e9lvica<\/a>;<\/li>\n\n\n\n<li>Desaparecimento dos sintomas gestacionais (n\u00e1useas, v\u00f4mitos, frequ\u00eancia urin\u00e1ria elevada);<\/li>\n\n\n\n<li>Aus\u00eancia de crescimento no volume uterino e da barriga.<\/li>\n<\/ul>\n\n\n<div role=\"main\" id=\"form-blog-7-dicas-para-quem-quer-engravidar-em-2022-72694e68b50252963828\"><\/div>\n<p><script type=\"text\/javascript\" src=\"https:\/\/d335luupugsy2.cloudfront.net\/js\/rdstation-forms\/stable\/rdstation-forms.min.js\"><\/script><script type=\"text\/javascript\"> new RDStationForms('form-blog-7-dicas-para-quem-quer-engravidar-em-2022-72694e68b50252963828', 'UA-17227594-1').createForm();<\/script><\/p>\n\n\n<h2 class=\"wp-block-heading\" class=\"wp-block-heading\" id=\"aborto-retido-e-suas-causas-confira-possiveis-fatores\">Aborto retido e suas causas: confira poss\u00edveis fatores<\/h2>\n\n\n\n<p>As causas do aborto retido devem passar por an\u00e1lise caso a caso, j\u00e1 que existem diversos fatores que desencadeiam a ocorr\u00eancia. As principais situa\u00e7\u00f5es que podem levar a um aborto retido s\u00e3o:&nbsp;<\/p>\n\n\n\n<ul class=\"wp-block-list\">\n<li style=\"font-style:normal;font-weight:500;line-height:1.9\">Malforma\u00e7\u00f5es fetais;<\/li>\n\n\n\n<li style=\"font-style:normal;font-weight:500;line-height:1.9\">Altera\u00e7\u00f5es cromoss\u00f4micas;<\/li>\n\n\n\n<li style=\"font-style:normal;font-weight:500;line-height:1.9\">Idade avan\u00e7ada da mulher;<\/li>\n\n\n\n<li style=\"font-style:normal;font-weight:500;line-height:1.9\">M\u00e1 nutri\u00e7\u00e3o durante a gravidez;<\/li>\n\n\n\n<li style=\"font-style:normal;font-weight:500;line-height:1.9\">Uso de \u00e1lcool, drogas, cigarro e alguns medicamnetos;<\/li>\n\n\n\n<li style=\"font-style:normal;font-weight:500;line-height:1.9\">Doen\u00e7a da tire\u00f3ide n\u00e3o tratada;<\/li>\n\n\n\n<li style=\"font-style:normal;font-weight:500;line-height:1.9\">Diabetes n\u00e3o controlada;<\/li>\n\n\n\n<li style=\"font-style:normal;font-weight:500;line-height:1.9\">Infec\u00e7\u00f5es;<\/li>\n\n\n\n<li style=\"font-style:normal;font-weight:500;line-height:1.9\">Trauma, como acidente de carro ou quedas;<\/li>\n\n\n\n<li style=\"font-style:normal;font-weight:500;line-height:1.9\">Obesidade;<\/li>\n\n\n\n<li style=\"font-style:normal;font-weight:500;line-height:1.9\">Problemas no colo do \u00fatero;<\/li>\n\n\n\n<li style=\"font-style:normal;font-weight:500;line-height:1.9\">Hipertens\u00e3o severa;<\/li>\n\n\n\n<li style=\"font-style:normal;font-weight:500;line-height:1.9\">Exposi\u00e7\u00e3o a radia\u00e7\u00e3o.<\/li>\n<\/ul>\n\n\n\n<p><\/p>\n\n\n\n<p>Inclusive, \u00e9 importante lembrar que o fato de uma mulher sofrer um aborto retido, normalmente n\u00e3o apresenta risco para uma futura <a href=\"\/\/nilofrantz.com.br\/site26\/gravidez\/\" target=\"_blank\" rel=\"noreferrer noopener\">gravidez<\/a>, por\u00e9m \u00e9 preciso estar atenta \u00e0 origem do problema. Por essa raz\u00e3o, o ideal \u00e9 fazer um acompanhamento detalhado, descobrir as causas e trat\u00e1-las. Dessa forma, a mulher, provavelmente, ter\u00e1 uma pr\u00f3xima gesta\u00e7\u00e3o saud\u00e1vel e tranq\u00fcila, sem outros eventos de <a href=\"\/\/nilofrantz.com.br\/site26\/blog\/aborto-de-repeticao\/\" target=\"_blank\" rel=\"noreferrer noopener\">aborto de repeti\u00e7\u00e3o<\/a>.<\/p>\n\n\n\n<p>Al\u00e9m disso, o aconselh\u00e1vel do ponto de vista m\u00e9dico \u00e9 deixar passar entre dois e tr\u00eas ciclos menstruais antes de tentar uma nova gravidez. Assim, o corpo da mulher ter\u00e1 tempo de se restabelecer e equilibrar seus horm\u00f4nios para a pr\u00f3xima tentativa.<\/p>\n\n\n\n<h2 class=\"wp-block-heading\" class=\"wp-block-heading\" id=\"tratamento-do-aborto-retido-como-acontece\">Tratamento do aborto retido: como acontece?<\/h2>\n\n\n\n<p>O tratamento indicado para o aborto retido pode variar de acordo com cada caso. Ele ocorre somente ap\u00f3s a confirma\u00e7\u00e3o da morte do embri\u00e3o atrav\u00e9s do exame de ultrassom ou de exame de sangue laboratorial. Sendo assim, \u00e9 fundamental que o m\u00e9dico avalie os diversos aspectos referentes \u00e0 sa\u00fade da m\u00e3e e mostre as diferentes formas de proceder.&nbsp;<\/p>\n\n\n\n<p>Al\u00e9m disso, \u00e9 essencial que o ginecologista informe as vantagens e desvantagens de cada m\u00e9todo para que a paciente possa decidir, sempre que poss\u00edvel, pela conduta que ela deseja. Nesse sentido, h\u00e1 tr\u00eas possibilidades: a expectante, a farmacol\u00f3gica e a cir\u00fargica.&nbsp;<\/p>\n\n\n\n<p>Confira as diferen\u00e7as de cada uma:<\/p>\n\n\n\n<h3 class=\"wp-block-heading\" class=\"wp-block-heading\" id=\"conduta-expectante\"><strong>Conduta Expectante<\/strong><\/h3>\n\n\n\n<p>Uma das primeiras op\u00e7\u00f5es \u00e9 que o pr\u00f3prio corpo fa\u00e7a a expuls\u00e3o do feto e de todo o res\u00edduo contido dentro do \u00fatero atrav\u00e9s de medicamentos. Contudo,sem a necessidade de interna\u00e7\u00e3o. Neste m\u00e9todo, \u00e9 muito importante que haja um controle e acompanhamento rigoroso para evitar que a mulher tenha infec\u00e7\u00f5es.<\/p>\n\n\n\n<p>Nesse sentido, a conduta expectante tem taxas de sucesso bastante vari\u00e1veis, portanto, deve-se avaliar o estado psicol\u00f3gico da paciente. Todavia, essa espera s\u00f3 pode durar por um tempo, uma vez que processos infecciosos podem surgir.<\/p>\n\n\n\n<h3 class=\"wp-block-heading\" class=\"wp-block-heading\" id=\"conduta-farmacologica\"><strong>Conduta Farmacol\u00f3gica<\/strong><\/h3>\n\n\n\n<p>Outra op\u00e7\u00e3o para o tratamento de aborto retido \u00e9 o de internar a paciente e fornecer medicamentos \u00e0 base de <a href=\"\/\/www.minhavida.com.br\/saude\/bulas\/1085-ocitocina-solucao-injetavel\" target=\"_blank\" rel=\"noreferrer noopener\">ocitocina<\/a> para provocar contra\u00e7\u00f5es uterinas. Dessa forma, a m\u00e3e passa por uma situa\u00e7\u00e3o parecida com a de um parto normal e, assim, o embri\u00e3o e os res\u00edduos s\u00e3o expelidos.E ssa conduta, portanto, reduz o risco decorrente de processos cir\u00fargicos e da anestesia. Entretanto, diferente da curetagem, o tempo de sangramento \u00e9 maior.<\/p>\n\n\n\n<h3 class=\"wp-block-heading\" class=\"wp-block-heading\" id=\"conduta-cirurgica-curetagem-uterina-ou-por-aspiracao-manual-intra-uterina\"><strong>Conduta Cir\u00fargica:<\/strong> <strong>curetagem uterina ou por aspira\u00e7\u00e3o manual intra-uterina<\/strong><\/h3>\n\n\n\n<p>A conduta cir\u00fargica acontece em hospital e com anestesia. Nesse sentido, baseia-se principalmente na t\u00e9cnica de dilata\u00e7\u00e3o uterina e curetagem. \u00c9 um processo de limpeza e esvaziamento uterino onde um procedimento de raspagem garante a elimina\u00e7\u00e3o de todo res\u00edduo.&nbsp;<\/p>\n\n\n\n<p>Tal processo tamb\u00e9m pode ser feito por aspira\u00e7\u00e3o de forma manual com a ajuda de uma seringa, atrav\u00e9s do qual o res\u00edduo \u00e9 aspirado. Existem casos, ainda, onde se indica o uso dos dois procedimentos para garantir que se retirem os restos ovulares e a placenta.<\/p>\n\n\n\n<p>Dessa forma, a cirurgia diminui significativamente o tempo de tratamento, que \u00e9 bastante doloroso para a m\u00e3e. Entretanto, vale destacar que \u00e9 um procedimento invasivo e pode provocar consequ\u00eancias na mulher.<\/p>\n\n\n\n<h2 class=\"wp-block-heading\" class=\"wp-block-heading\" id=\"curetagem-quando-e-necessario-fazer\">Curetagem: quando \u00e9 necess\u00e1rio fazer?<\/h2>\n\n\n\n<p>A curetagem \u00e9 eficaz em quase 100% dos casos de aborto retido. Por esta raz\u00e3o, se o tratamento expectante e farmacol\u00f3gico n\u00e3o derem certo e quatro semanas depois do diagn\u00f3stico o feto ainda estiver retido, \u00e9 necess\u00e1rio internar a paciente para realizar a curetagem.&nbsp;<\/p>\n\n\n\n<p>Nesse sentido, a <a href=\"\/\/www.tuasaude.com\/curetagem-endocervical\/\" target=\"_blank\" rel=\"noreferrer noopener\">raspagem uterina <\/a>traz riscos anest\u00e9sicos, de perfura\u00e7\u00e3o uterina ou forma\u00e7\u00e3o de <a href=\"https:\/\/www.fetalmed.net\/o-que-e-sinequia-uterina\/\">sin\u00e9quias<\/a>. Nesses casos, pode levar a altera\u00e7\u00f5es estruturais do colo uterino, associadas a futuras perdas gestacionais. Mas, em geral, os riscos s\u00e3o baixos e o procedimento \u00e9 feito de maneira segura e eficaz.<\/p>\n\n\n\n<p>Dessa forma, indica-se a curetagem para as pacientes que n\u00e3o conseguiram expelir o feto e que apresentam sangramentos importantes ou sinais de infec\u00e7\u00e3o. Sendo assim, as op\u00e7\u00f5es s\u00e3o curetagem tradicional, com <a href=\"\/\/www.infopedia.pt\/dicionarios\/lingua-portuguesa\/cureta\" target=\"_blank\" rel=\"noreferrer noopener\">cureta fenestrada,<\/a>ou <a href=\"\/\/www.telediu.com.br\/post\/49\/aspiracao-manual-intra-uterina\/\" target=\"_blank\" rel=\"noreferrer noopener\">aspira\u00e7\u00e3o manual a v\u00e1cuo (AMIU).<\/a><\/p>\n\n\n\n<p>Ap\u00f3s o procedimento, um patologia analisa parte do material, que tentar\u00e1 determinar a causa do aborto.<\/p>\n\n\n\n<h2 class=\"wp-block-heading\" class=\"wp-block-heading\" id=\"riscos-do-aborto-retido-para-a-saude\">Riscos do aborto retido para a sa\u00fade<\/h2>\n\n\n\n<p>O aborto retido pode trazer riscos graves para a sa\u00fade da mulher. Por essa raz\u00e3o, se o tratamento da ocorr\u00eancia n\u00e3o acontecer devidamente ou se o diagn\u00f3stico for demorado, h\u00e1 grandes chances da paciente apresentar problemas. Entre eles, a mulher pode ter infec\u00e7\u00e3o, sangramentos, desenvolver sensibilidade do sistema Rh, infertilidade por les\u00e3o <a href=\"\/\/nilofrantz.com.br\/site26\/blog\/trompas-de-falopio\/\" target=\"_blank\" rel=\"noreferrer noopener\">de trompa de fal\u00f3pio<\/a>.<\/p>\n\n\n\n<p>Tamb\u00e9m vale lembrar que sofrer um aborto espont\u00e2neo ou retido n\u00e3o \u00e9 algo t\u00e3o incomum. Por isso, \u00e9 imprescind\u00edvel fazer o acompanhamento m\u00e9dico e todos os <a href=\"\/\/nilofrantz.com.br\/site26\/exames-gestacionais\/\" target=\"_blank\" rel=\"noreferrer noopener\">exames gestacionais<\/a> para evitar complica\u00e7\u00f5es.<\/p>\n\n\n\n<p>Ainda, \u00e9 importante ressaltar que a partir do momento que a gestante sofre dois ou mais abortos, investigar algumas defici\u00eancias, como de enzimas, col\u00e1genos, prote\u00ednas e coagulograma, se faz necess\u00e1rio. Por \u00faltimo, o m\u00e9dico tamb\u00e9m deve checar outras poss\u00edveis <a href=\"\/\/nilofrantz.com.br\/site26\/blog\/tratamento-de-infertilidade-fiv\/\" target=\"_blank\" rel=\"noreferrer noopener\">causas de infertilidade feminina<\/a>.<\/p>\n\n\n\n<hr class=\"wp-block-separator has-css-opacity is-style-wide\"\/>\n","protected":false},"excerpt":{"rendered":"<p>O aborto retido ou o abortamento incompleto \u00e9 quando n\u00e3o existe mais batimentos card\u00edacos do feto e o embri\u00e3o fica sem vida por semanas ou at\u00e9 meses dentro do \u00fatero da m\u00e3e. Nesse sentido, o aborto retido \u00e9 diferente do aborto completo, no qual o embri\u00e3o, o saco gestacional e todo o res\u00edduo s\u00e3o expelidos [&hellip;]<\/p>\n","protected":false},"author":14,"featured_media":8105,"comment_status":"closed","ping_status":"open","sticky":false,"template":"","format":"standard","meta":{"_acf_changed":false,"footnotes":""},"categories":[18],"tags":[264,266],"class_list":["post-8104","post","type-post","status-publish","format-standard","has-post-thumbnail","hentry","category-duvidas","tag-sinais-de-aborto-retido","tag-tratamento-de-aborto-retido"],"acf":[],"_links":{"self":[{"href":"https:\/\/nilofrantz.com.br\/site26\/wp-json\/wp\/v2\/posts\/8104","targetHints":{"allow":["GET"]}}],"collection":[{"href":"https:\/\/nilofrantz.com.br\/site26\/wp-json\/wp\/v2\/posts"}],"about":[{"href":"https:\/\/nilofrantz.com.br\/site26\/wp-json\/wp\/v2\/types\/post"}],"author":[{"embeddable":true,"href":"https:\/\/nilofrantz.com.br\/site26\/wp-json\/wp\/v2\/users\/14"}],"replies":[{"embeddable":true,"href":"https:\/\/nilofrantz.com.br\/site26\/wp-json\/wp\/v2\/comments?post=8104"}],"version-history":[{"count":6,"href":"https:\/\/nilofrantz.com.br\/site26\/wp-json\/wp\/v2\/posts\/8104\/revisions"}],"predecessor-version":[{"id":21363,"href":"https:\/\/nilofrantz.com.br\/site26\/wp-json\/wp\/v2\/posts\/8104\/revisions\/21363"}],"wp:featuredmedia":[{"embeddable":true,"href":"https:\/\/nilofrantz.com.br\/site26\/wp-json\/wp\/v2\/media\/8105"}],"wp:attachment":[{"href":"https:\/\/nilofrantz.com.br\/site26\/wp-json\/wp\/v2\/media?parent=8104"}],"wp:term":[{"taxonomy":"category","embeddable":true,"href":"https:\/\/nilofrantz.com.br\/site26\/wp-json\/wp\/v2\/categories?post=8104"},{"taxonomy":"post_tag","embeddable":true,"href":"https:\/\/nilofrantz.com.br\/site26\/wp-json\/wp\/v2\/tags?post=8104"}],"curies":[{"name":"wp","href":"https:\/\/api.w.org\/{rel}","templated":true}]}}