{"id":14255,"date":"2024-03-27T08:05:00","date_gmt":"2024-03-27T11:05:00","guid":{"rendered":"https:\/\/nilofrantz.com.br\/site26\/?p=14255"},"modified":"2025-04-07T09:01:05","modified_gmt":"2025-04-07T12:01:05","slug":"heranca-epigenetica-reproducao-assistida","status":"publish","type":"post","link":"https:\/\/nilofrantz.com.br\/site26\/blog\/2024\/03\/27\/heranca-epigenetica-reproducao-assistida\/","title":{"rendered":"Heran\u00e7a Epigen\u00e9tica: Influ\u00eancias e Implica\u00e7\u00f5es na Reprodu\u00e7\u00e3o Assistida"},"content":{"rendered":"\n<p>Voc\u00ea sabe o que \u00e9 heran\u00e7a epigen\u00e9tica e qual seu papel na reprodu\u00e7\u00e3o?<\/p>\n\n\n\n<p>A heran\u00e7a epigen\u00e9tica \u00e9 o resultado da influ\u00eancia do meio e de diferentes&nbsp; viv\u00eancias na forma como os genes herdados s\u00e3o expressos. Ou seja, \u00e9 parte da heran\u00e7a passada aos descendentes que vai al\u00e9m da gen\u00e9tica do <a href=\"https:\/\/nilofrantz.com.br\/site26\/dna-caracteristicas-e-funcoes\/\">DNA<\/a> em si.<\/p>\n\n\n\n<p>No texto a seguir, vamos explicar melhor o conceito de heran\u00e7a gen\u00e9tica, sua aplica\u00e7\u00e3o e import\u00e2ncia na <a href=\"https:\/\/nilofrantz.com.br\/site26\/o-que-e-reproducao-assistida\/\">reprodu\u00e7\u00e3o assistida. <\/a>Boa leitura!<\/p>\n\n\n\n<h2 class=\"wp-block-heading\" class=\"wp-block-heading\" id=\"explorando-a-heranca-epigenetica-uma-visao-geral\">Explorando a heran\u00e7a epigen\u00e9tica: uma vis\u00e3o geral<\/h2>\n\n\n\n<p>A heran\u00e7a <a href=\"https:\/\/nilofrantz.com.br\/site26\/imprensa\/parentalidade-alem-do-dna-contribuicao-epigenetica-e-ambiental\/\">epigen\u00e9tica<\/a> \u00e9 a transmiss\u00e3o de caracter\u00edsticas heredit\u00e1rias entre gera\u00e7\u00f5es que n\u00e3o est\u00e3o contidas na sequ\u00eancia de<a href=\"https:\/\/nilofrantz.com.br\/site26\/dna-caracteristicas-e-funcoes\/\"> DNA<\/a>. Ou seja, \u00e9 a heran\u00e7a que decorre de modifica\u00e7\u00f5es qu\u00edmicas ou estruturais no <a href=\"https:\/\/nilofrantz.com.br\/site26\/material-genetico\/\">material gen\u00e9tico<\/a>, sem alterar a estrutura e sequ\u00eancia de <a href=\"https:\/\/nilofrantz.com.br\/site26\/dna-caracteristicas-e-funcoes\/\">DNA<\/a>.<\/p>\n\n\n\n<p>Desta forma, modifica\u00e7\u00f5es epigen\u00e9ticas, como a <a href=\"https:\/\/repositorio.ipcb.pt\/bitstream\/10400.11\/676\/1\/1997%20Ribeiro%20Agroforum.pdf\">metila\u00e7\u00e3o do DNA<\/a> e as <a href=\"https:\/\/profissaobiotec.com.br\/epigenetica-marcas-que-podem-mudar-expressao-genica-mas-nao-dna\/\">altera\u00e7\u00f5es nas histonas,<\/a> influenciam a forma como os genes s\u00e3o ativados ou desativados.&nbsp;<\/p>\n\n\n\n<p>Essas mudan\u00e7as, influenciadas por fatores ambientais, estilo de vida, entre outras,&nbsp; agem como &#8220;gatilhos&#8221; interferindo na express\u00e3o dos genes.&nbsp; Assim, a epigen\u00e9tica tem atua\u00e7\u00e3o direta na reprodu\u00e7\u00e3o humana e no funcionamento do organismo.<\/p>\n\n\n\n<h2 class=\"wp-block-heading\" class=\"wp-block-heading\" id=\"heranca-epigenetica-e-reproducao-assistida-uma-conexao-crucial\">Heran\u00e7a epigen\u00e9tica e reprodu\u00e7\u00e3o assistida: uma conex\u00e3o crucial<\/h2>\n\n\n\n<p>A heran\u00e7a epigen\u00e9tica tem grande import\u00e2ncia na <a href=\"https:\/\/nilofrantz.com.br\/site26\/tecnicas-reproducao-assistida\/\">reprodu\u00e7\u00e3o assistida<\/a>,&nbsp; especialmente quando se pensa nos tratamentos que envolvem<a href=\"https:\/\/nilofrantz.com.br\/site26\/tudo-sobre-ovodoacao\/\"> doa\u00e7\u00e3o de \u00f3vulos&nbsp; <\/a>e\/ou <a href=\"https:\/\/nilofrantz.com.br\/site26\/utero-de-substituicao\/\">\u00fatero de substitui\u00e7\u00e3o.<\/a>&nbsp;&nbsp;<\/p>\n\n\n\n<p>Uma das principais preocupa\u00e7\u00f5es das mulheres que recorrem a<a href=\"https:\/\/nilofrantz.com.br\/site26\/2018\/09\/13\/ovodoacao-uma-alternativa-para-alcancar-a-maternidade-parte-2\/\"> \u00f3vulos doados<\/a> para o tratamento de <a href=\"https:\/\/nilofrantz.com.br\/site26\/conheca-o-passo-a-passo-da-fertilizacao-in-vitro\/\">Fertiliza\u00e7\u00e3o In Vitro (FIV) <\/a>\u00e9 a impossibilidade de transmitir ao filho suas caracter\u00edsticas pessoais.&nbsp;&nbsp;<\/p>\n\n\n\n<p>Entretanto, estudos demonstram que a epigen\u00e9tica e o ambiente de cria\u00e7\u00e3o t\u00eam pap\u00e9is fundamentais na heran\u00e7a, nos comportamentos e nos v\u00ednculos que se formam.<\/p>\n\n\n\n<p>Desta maneira, a <a href=\"https:\/\/repositorio.ul.pt\/bitstream\/10451\/43384\/1\/MICF_Marta_Cunha.pdf\">hereditariedade epigen\u00e9tica<\/a> pode interferir na forma como o DNA vai funcionar, agindo na express\u00e3o dos genes. Assim, apesar do embri\u00e3o carregar a heran\u00e7a gen\u00e9tica do \u00f3vulo doado e do espermatozoide usado na<a href=\"https:\/\/nilofrantz.com.br\/site26\/hora-h-qual-e-o-prazo-para-o-resultado-de-uma-fertilizacao-in-vitro\/\"> Fertiliza\u00e7\u00e3o in Vitro (FIV)<\/a>, ele pode sofrer influ\u00eancias al\u00e9m da gen\u00e9tica.<\/p>\n\n\n\n<p>Inclusive j\u00e1 est\u00e1 comprovado que o ambiente intra-uterino pode promover essas modifica\u00e7\u00f5es epigen\u00e9ticas. Desta forma, m\u00e3es que passaram por ovodoa\u00e7\u00e3o tendem a deixar marcas \u00fanicas e duradouras no beb\u00ea que gestam.&nbsp; Essas mudan\u00e7as podem se manifestar de diversas formas, como no comportamento social, no QI e at\u00e9 mesmo no padr\u00e3o alimentar dos indiv\u00edduos.&nbsp;<\/p>\n\n\n\n<h2 class=\"wp-block-heading\" class=\"wp-block-heading\" id=\"casos-de-estudo-heranca-epigenetica-em-acao\">Casos de estudo: heran\u00e7a epigen\u00e9tica em a\u00e7\u00e3o<\/h2>\n\n\n\n<p>Hoje, j\u00e1 existem v\u00e1rias pesquisas que exemplificam a heran\u00e7a epigen\u00e9tica e demonstram como as <a href=\"https:\/\/www.blogs.unicamp.br\/tb-of-life\/2017\/01\/14\/epigenetica-somos-mais-que-nossos-genes\/\">modifica\u00e7\u00f5es epigen\u00e9ticas<\/a> impactam em diferentes situa\u00e7\u00f5es e doen\u00e7as.&nbsp; Esses estudos revelam como experi\u00eancias e exposi\u00e7\u00f5es ambientais podem deixar marcas epigen\u00e9ticas na pessoa e tamb\u00e9m nas futuras gera\u00e7\u00f5es.&nbsp;<\/p>\n\n\n\n<p>Uma das primeiras doen\u00e7as a ser relacionadas ao processo epigen\u00e9tico foi o c\u00e2ncer.&nbsp; Estudos evidenciaram que modifica\u00e7\u00f5es epigen\u00e9ticas desempenham um papel crucial tanto na origem como na progress\u00e3o do tumor maligno.<\/p>\n\n\n\n<p>Outra importante \u00e1rea pesquisada \u00e9 a influ\u00eancia da dieta na <a href=\"https:\/\/cienciahoje.org.br\/artigo\/epigenetica-heranca-alem-dos-genes\/\">heran\u00e7a epigen\u00e9tica relacionada \u00e0 obesidade<\/a>. As an\u00e1lises sugerem que uma alimenta\u00e7\u00e3o rica em gorduras durante a <a href=\"https:\/\/nilofrantz.com.br\/site26\/gravidez\/\">gravidez<\/a> pode causar altera\u00e7\u00f5es epigen\u00e9ticas no beb\u00ea, aumentando o risco de obesidade ao longo da vida.<\/p>\n\n\n\n<h2 class=\"wp-block-heading\" class=\"wp-block-heading\" id=\"implicacoes-da-heranca-epigenetica-na-saude-reprodutiva\">Implica\u00e7\u00f5es da heran\u00e7a epigen\u00e9tica na sa\u00fade reprodutiva<\/h2>\n\n\n\n<p>Como vimos, a heran\u00e7a epigen\u00e9tica impacta o indiv\u00edduo de diferentes formas, inclusive na sa\u00fade reprodutiva.&nbsp; Ela afeta aspectos que v\u00e3o desde a fertilidade, a qualidade dos gametas, at\u00e9 a <a href=\"https:\/\/nilofrantz.com.br\/site26\/implantacao-do-embriao\/\">implanta\u00e7\u00e3o<\/a> e o <a href=\"https:\/\/nilofrantz.com.br\/site26\/o-que-e-embriao-e-qual-seu-papel-na-reproducao-assistida\/\">desenvolvimento do embri\u00e3o.&nbsp;&nbsp;<\/a><\/p>\n\n\n\n<p>Por essa raz\u00e3o, \u00e9 importante entender que modifica\u00e7\u00f5es epigen\u00e9ticas que acontecem durante a gesta\u00e7\u00e3o podem afetar a sa\u00fade reprodutiva n\u00e3o apenas do beb\u00ea, mas tamb\u00e9m de seus descendentes.<\/p>\n\n\n\n<p>De modo semelhante, exposi\u00e7\u00f5es ambientais, como produtos qu\u00edmicos ou dietas desequilibradas, tamb\u00e9m podem influenciar as modifica\u00e7\u00f5es epigen\u00e9ticas afetando a sa\u00fade reprodutiva.&nbsp;<\/p>\n\n\n\n<h3 class=\"wp-block-heading\" class=\"wp-block-heading\" id=\"avancos-tecnologicos-e-o-futuro-da-epigenetica-na-reproducao\">Avan\u00e7os tecnol\u00f3gicos e o futuro da epigen\u00e9tica na reprodu\u00e7\u00e3o<\/h3>\n\n\n\n<p>Os avan\u00e7os tecnol\u00f3gicos possibilitam aprofundar pesquisas e estudos sobre a&nbsp; heran\u00e7a epigen\u00e9tica para entender melhor seu impacto no indiv\u00edduo e na reprodu\u00e7\u00e3o humana. Nesse sentido, abrem-se poss\u00edveis caminhos capazes de transformar como a sa\u00fade reprodutiva \u00e9 abordada.<\/p>\n\n\n\n<p>Assim, algumas tecnologias possibilitam diferentes percep\u00e7\u00f5es sobre fatores que influenciam a fertilidade e o desenvolvimento embrion\u00e1rio, levando ao aprimoramento dos<a href=\"https:\/\/nilofrantz.com.br\/site26\/tratamentos\/\"> tratamentos de reprodu\u00e7\u00e3o assistida.<\/a>&nbsp;<\/p>\n\n\n\n<p>Veja alguns avan\u00e7os tecnol\u00f3gicos na \u00e1rea da epigen\u00e9tica:<\/p>\n\n\n\n<h3 class=\"wp-block-heading\" class=\"wp-block-heading\" id=\"edicao-epigenetica\">Edi\u00e7\u00e3o Epigen\u00e9tica<\/h3>\n\n\n\n<p>Pesquisas em t\u00e9cnicas de <a href=\"https:\/\/canaltech.com.br\/saude\/epigenetica-nova-tecnica-permite-modificar-o-dna-sem-apaga-lo-218147\/\">edi\u00e7\u00e3o epigen\u00e9tica,<\/a> como o uso da tecnologia CRISPR-Cas9 para modificar padr\u00f5es epigen\u00e9ticos espec\u00edficos, j\u00e1 tiveram resultados animadores em roedores. A expectativa \u00e9 ter implica\u00e7\u00f5es na otimiza\u00e7\u00e3o de embri\u00f5es humanos para a transfer\u00eancia durante tratamentos de fertiliza\u00e7\u00e3o in vitro (FIV).<\/p>\n\n\n\n<h3 class=\"wp-block-heading\" class=\"wp-block-heading\" id=\"diagnostico-epigenetico-pre-implantacional-pgd\">Diagn\u00f3stico Epigen\u00e9tico Pr\u00e9-Implantacional (PGD)<\/h3>\n\n\n\n<p>O <a href=\"https:\/\/nilofrantz.com.br\/site26\/imprensa\/diagnosticos-geneticos-do-embriao-pgd-e-pgs\/#:~:text=O%20Diagn%C3%B3stico%20Gen%C3%A9tico%20Pr%C3%A9%2Dimplantacional,como%20objetivo%20identificar%20altera%C3%A7%C3%B5es%20gen%C3%A9ticas.\">diagn\u00f3stico pr\u00e9-implantacional<\/a> est\u00e1 se expandindo para incluir an\u00e1lises mais abrangentes dos padr\u00f5es epigen\u00e9ticos dos embri\u00f5es. O objetivo \u00e9 obter novas&nbsp;<\/p>\n\n\n\n<p>informa\u00e7\u00f5es sobre a viabilidade e a sa\u00fade dos embri\u00f5es antes da sua transfer\u00eancia ao \u00fatero.<\/p>\n\n\n\n<h3 class=\"wp-block-heading\" class=\"wp-block-heading\" id=\"identificacao-de-biomarcadores-epigeneticos\">Identifica\u00e7\u00e3o de biomarcadores epigen\u00e9ticos<\/h3>\n\n\n\n<p>Outra pesquisa em desenvolvimento \u00e9 a busca por biomarcadores epigen\u00e9ticos relativos&nbsp; \u00e0 qualidade dos \u00f3vulos, espermatozoides e embri\u00f5es. Esses dados podem ser muito relevantes para o sucesso dos tratamentos de reprodu\u00e7\u00e3o assistida.<\/p>\n\n\n\n<h3 class=\"wp-block-heading\" class=\"wp-block-heading\" id=\"mapeamento-epigenetico-do-desenvolvimento-embrionario\">Mapeamento epigen\u00e9tico do desenvolvimento embrion\u00e1rio<\/h3>\n\n\n\n<p>O mapeamento dos padr\u00f5es epigen\u00e9ticos durante o desenvolvimento embrion\u00e1rio visa acompanhar o impacto das mudan\u00e7as epigen\u00e9ticas na forma\u00e7\u00e3o do embri\u00e3o.&nbsp; O estudo pode contribuir com informa\u00e7\u00f5es importantes para melhorar as pr\u00e1ticas de laborat\u00f3rio em procedimentos de FIV.<\/p>\n\n\n\n<h3 class=\"wp-block-heading\" class=\"wp-block-heading\" id=\"integracao-de-dados-genomicos-e-epigenomicos\">Integra\u00e7\u00e3o de Dados gen\u00f4micos e epigen\u00f4micos<\/h3>\n\n\n\n<p>A integra\u00e7\u00e3o de dados gen\u00f4micos e epigen\u00f4micos, cada vez mais comum, leva a uma vis\u00e3o mais ampla sobre as intera\u00e7\u00f5es entre o DNA e as modifica\u00e7\u00f5es epigen\u00e9ticas. Esse entendimento mais abrangente pode levar a estrat\u00e9gias mais eficazes em reprodu\u00e7\u00e3o assistida.<\/p>\n\n\n\n<div role=\"main\" id=\"form-blog-ovodoacao-compartilhada-todas-as-etapas-para-realizar-o-procedimento-4f7a96093fadb0065ad8\"><\/div><script type=\"text\/javascript\" src=\"https:\/\/d335luupugsy2.cloudfront.net\/js\/rdstation-forms\/stable\/rdstation-forms.min.js\"><\/script><script type=\"text\/javascript\"> new RDStationForms('form-blog-ovodoacao-compartilhada-todas-as-etapas-para-realizar-o-procedimento-4f7a96093fadb0065ad8', 'UA-17227594-1').createForm();<\/script>\n","protected":false},"excerpt":{"rendered":"<p>Voc\u00ea sabe o que \u00e9 heran\u00e7a epigen\u00e9tica e qual seu papel na reprodu\u00e7\u00e3o? A heran\u00e7a epigen\u00e9tica \u00e9 o resultado da influ\u00eancia do meio e de diferentes&nbsp; viv\u00eancias na forma como os genes herdados s\u00e3o expressos. Ou seja, \u00e9 parte da heran\u00e7a passada aos descendentes que vai al\u00e9m da gen\u00e9tica do DNA em si. No texto [&hellip;]<\/p>\n","protected":false},"author":11,"featured_media":14256,"comment_status":"open","ping_status":"open","sticky":false,"template":"","format":"standard","meta":{"_acf_changed":false,"footnotes":""},"categories":[19],"tags":[],"class_list":["post-14255","post","type-post","status-publish","format-standard","has-post-thumbnail","hentry","category-fertilidade"],"acf":[],"_links":{"self":[{"href":"https:\/\/nilofrantz.com.br\/site26\/wp-json\/wp\/v2\/posts\/14255","targetHints":{"allow":["GET"]}}],"collection":[{"href":"https:\/\/nilofrantz.com.br\/site26\/wp-json\/wp\/v2\/posts"}],"about":[{"href":"https:\/\/nilofrantz.com.br\/site26\/wp-json\/wp\/v2\/types\/post"}],"author":[{"embeddable":true,"href":"https:\/\/nilofrantz.com.br\/site26\/wp-json\/wp\/v2\/users\/11"}],"replies":[{"embeddable":true,"href":"https:\/\/nilofrantz.com.br\/site26\/wp-json\/wp\/v2\/comments?post=14255"}],"version-history":[{"count":0,"href":"https:\/\/nilofrantz.com.br\/site26\/wp-json\/wp\/v2\/posts\/14255\/revisions"}],"wp:featuredmedia":[{"embeddable":true,"href":"https:\/\/nilofrantz.com.br\/site26\/wp-json\/wp\/v2\/media\/14256"}],"wp:attachment":[{"href":"https:\/\/nilofrantz.com.br\/site26\/wp-json\/wp\/v2\/media?parent=14255"}],"wp:term":[{"taxonomy":"category","embeddable":true,"href":"https:\/\/nilofrantz.com.br\/site26\/wp-json\/wp\/v2\/categories?post=14255"},{"taxonomy":"post_tag","embeddable":true,"href":"https:\/\/nilofrantz.com.br\/site26\/wp-json\/wp\/v2\/tags?post=14255"}],"curies":[{"name":"wp","href":"https:\/\/api.w.org\/{rel}","templated":true}]}}