{"id":13572,"date":"2023-10-18T08:05:00","date_gmt":"2023-10-18T11:05:00","guid":{"rendered":"https:\/\/nilofrantz.com.br\/site26\/?p=13572"},"modified":"2023-10-18T07:25:30","modified_gmt":"2023-10-18T10:25:30","slug":"acido-folico","status":"publish","type":"post","link":"https:\/\/nilofrantz.com.br\/site26\/blog\/2023\/10\/18\/acido-folico\/","title":{"rendered":"\u00c1cido F\u00f3lico: entenda o seu papel na reprodu\u00e7\u00e3o assistida"},"content":{"rendered":"\n<p>Voc\u00ea j\u00e1 ouviu falar em \u00e1cido f\u00f3lico? Essa vitamina \u00e9 importante para diferentes aspectos do organismo humano, mas ganha ainda mais destaque para as mulheres em idade f\u00e9rtil que desejam engravidar. Isto porque o \u00e1cido f\u00f3lico atua diretamente no desenvolvimento do beb\u00ea, principalmente reduzindo os riscos de defeitos no<a href=\"https:\/\/professor.ufrgs.br\/simonemarcuzzo\/files\/aula_neuro_embriologia.pdf\"> tubo neural do feto<\/a>.<\/p>\n\n\n\n<p>No texto abaixo voc\u00ea vai entender melhor o que \u00e9 o \u00e1cido f\u00f3lico, seus benef\u00edcios, onde \u00e9 encontrado, e sua import\u00e2ncia para a <a href=\"https:\/\/nilofrantz.com.br\/site26\/mitos-e-verdades-sobre-a-fertilidade-feminina\/\">fertilidade feminina<\/a>. &nbsp;Boa Leitura!<\/p>\n\n\n\n<h2 class=\"wp-block-heading\" class=\"wp-block-heading\" id=\"o-que-e-acido-folico\">O que \u00e9 \u00c1cido F\u00f3lico?<\/h2>\n\n\n\n<p>O \u00e1cido f\u00f3lico \u00e9 uma vitamina do <a href=\"https:\/\/vidasaudavel.einstein.br\/vitaminas-do-complexo-b\/\">complexo B<\/a> de grande import\u00e2ncia para o funcionamento do organismo. Tamb\u00e9m conhecido como vitamina B\u2089 ou folato, esse micronutriente age no desenvolvimento de diversas c\u00e9lulas e tecidos do corpo humano.&nbsp;<\/p>\n\n\n\n<p>Nesse sentido, o \u00e1cido f\u00f3lico est\u00e1 relacionado \u00e0 sa\u00fade cerebral, bem como \u00e0 forma\u00e7\u00e3o do <a href=\"https:\/\/www.benegrip.com.br\/saude\/saude\/sistema-imune-o-que-e-como-funciona-e-como-fortalecer\">sistema imunol\u00f3gico<\/a> e dos gl\u00f3bulos vermelhos.<\/p>\n\n\n\n<p>Al\u00e9m disso, o \u00e1cido f\u00f3lico \u00e9 especialmente importante para o desenvolvimento do beb\u00ea, principalmente nos primeiros tr\u00eas meses da <a href=\"https:\/\/nilofrantz.com.br\/site26\/gravidez\/\">gravidez<\/a>, quando \u00e9 formado o <a href=\"https:\/\/www2.ibb.unesp.br\/departamentos\/Morfologia\/material_didatico\/Profa_Maeli\/Aulas_Bio\/Aula_nervoso.pdf\">sistema nervoso<\/a> do feto.&nbsp;<\/p>\n\n\n\n<p>Por isso, \u00e9 muito comum as gestantes tomarem suplemento desta vitamina para reduzir o risco de ter um beb\u00ea com um defeito cong\u00eanito, principalmente defeito no tubo neural.<\/p>\n\n\n\n<p>Quais os benef\u00edcios do \u00e1cido f\u00f3lico?&nbsp;<\/p>\n\n\n\n<p>Como vimos, o \u00e1cido f\u00f3lico \u00e9 uma vitamina que atua em muitas fun\u00e7\u00f5es do organismo, sendo essencial para o <a href=\"https:\/\/nilofrantz.com.br\/site26\/imprensa\/blastocisto-e-as-fases-do-desenvolvimento-embrionario\/\">desenvolvimento embrion\u00e1rio <\/a>&nbsp;e para a manuten\u00e7\u00e3o do metabolismo. Nesse sentido, \u00e9 importante para a divis\u00e3o celular, para a s\u00edntese do<a href=\"https:\/\/nilofrantz.com.br\/site26\/dna-caracteristicas-e-funcoes\/\"> DNA<\/a>, bem como para a sa\u00fade cardiovascular do indiv\u00edduo.<\/p>\n\n\n\n<p>Veja alguns benef\u00edcios do \u00e1cido f\u00f3lico:<\/p>\n\n\n\n<h3 class=\"wp-block-heading\" class=\"wp-block-heading\" id=\"saude-cerebral\">Sa\u00fade cerebral<\/h3>\n\n\n\n<p>O \u00e1cido f\u00f3lico contribui para a preven\u00e7\u00e3o de depress\u00e3o, dem\u00eancia e <a href=\"https:\/\/bvsms.saude.gov.br\/doenca-de-alzheimer-3\/\">Alzheimer,<\/a> doen\u00e7as ligadas ao c\u00e9rebro. Nesse sentido, estimula a produ\u00e7\u00e3o dos <a href=\"https:\/\/institutodepsiquiatriapr.com.br\/blog\/neurotransmissores-o-que-sao-quais-sao-os-principais\/\">neurotransmissore<\/a>s relacionados \u00e0 motiva\u00e7\u00e3o, concentra\u00e7\u00e3o e mem\u00f3ria, impactando na capacidade cognitiva e na sa\u00fade mental e emocional.&nbsp;<\/p>\n\n\n\n<h3 class=\"wp-block-heading\" class=\"wp-block-heading\" id=\"cabelos-unhas-e-pele-saudaveis\">Cabelos, unhas e pele saud\u00e1veis<\/h3>\n\n\n\n<p>Outra atua\u00e7\u00e3o do \u00e1cido f\u00f3lico \u00e9 no crescimento e no fortalecimento dos cabelos e unhas, bem como na sa\u00fade da pele. Desta forma, a vitamina B\u2089&nbsp; ajuda a deixar as unhas e cabelos mais fortes, e a pele mais viscosa, sem oleosidade.<\/p>\n\n\n\n<h3 class=\"wp-block-heading\" class=\"wp-block-heading\" id=\"imunidade\">Imunidade&nbsp;<\/h3>\n\n\n\n<p>Outro benef\u00edcio da a\u00e7\u00e3o do \u00e1cido f\u00f3lico \u00e9 na melhora da imunidade, atuando no fortalecimento do sistema imunol\u00f3gico.&nbsp;<\/p>\n\n\n\n<h3 class=\"wp-block-heading\" class=\"wp-block-heading\" id=\"prevencao-da-anemia\">Preven\u00e7\u00e3o da anemia<\/h3>\n\n\n\n<p>O \u00e1cido f\u00f3lico \u00e9 conhecido tamb\u00e9m por estimular a produ\u00e7\u00e3o de plaquetas, <a href=\"https:\/\/www.msdmanuals.com\/pt-br\/casa\/dist%C3%BArbios-do-sangue\/dist%C3%BArbios-dos-gl%C3%B3bulos-brancos\/contagem-de-gl%C3%B3bulos-brancos-elevada\">gl\u00f3bulos brancos<\/a> e hem\u00e1cias, atuando assim na preven\u00e7\u00e3o da <a href=\"https:\/\/drauziovarella.uol.com.br\/doencas-e-sintomas\/anemia\/\">anemia<\/a>.<\/p>\n\n\n\n<h3 class=\"wp-block-heading\" class=\"wp-block-heading\" id=\"para-o-coracao\">Para o cora\u00e7\u00e3o<\/h3>\n\n\n\n<p>O \u00e1cido f\u00f3lico tamb\u00e9m pode ajudar a proteger o cora\u00e7\u00e3o. Isto porque sua combina\u00e7\u00e3o com as vitaminas B6 e a B12 forma reduz os n\u00edveis de <a href=\"https:\/\/www.imunogenix.com.br\/post\/o-que-%C3%A9-o-exame-de-homociste%C3%ADna-e-quando-faz%C3%AA-lo\">homociste\u00edna<\/a>, um amino\u00e1cido que em excesso eleva a <a href=\"https:\/\/eurofarma.com.br\/artigos\/como-checar-a-pressao-arterial\">press\u00e3o arterial<\/a>.<\/p>\n\n\n\n<h3 class=\"wp-block-heading\" class=\"wp-block-heading\" id=\"na-gravidez\">Na gravidez&nbsp;<\/h3>\n\n\n\n<p>Uma das principais fun\u00e7\u00f5es do \u00e1cido f\u00f3lico \u00e9 agir no desenvolvimento fetal e na forma\u00e7\u00e3o do <a href=\"https:\/\/maemequer.sapo.pt\/estou-gravida\/saude-e-bem-estar\/complicacoes-na-gravidez\/o-que-e-o-tubo-neural\/\">tubo neural<\/a>, sendo assim fundamental para as gestantes. Nesse sentido, a vitamina atua na preven\u00e7\u00e3o de anomalias como <a href=\"https:\/\/g1.globo.com\/go\/goias\/noticia\/2023\/03\/16\/anencefalia-entenda-malformacao-de-feto-que-nasceu-aos-7-meses-e-morreu-3-horas-depois.ghtml\">anencefalia <\/a>e <a href=\"https:\/\/www.msdmanuals.com\/pt-br\/casa\/fatos-r%C3%A1pidos-problemas-de-sa%C3%BAde-infantil\/defeitos-cong%C3%AAnitos-do-c%C3%A9rebro-e-da-medula-espinhal\/espinha-b%C3%ADfida#:~:text=A%20espinha%20b%C3%ADfida%20%C3%A9%20um,como%20andar%2C%20urinar%20e%20defecar.\">espinha b\u00edfida<\/a>. Al\u00e9m disso, a B\u2089 tamb\u00e9m reduz o risco de<a href=\"https:\/\/nilofrantz.com.br\/site26\/aborto-espontaneo\/\"> aborto espont\u00e2neo<\/a>&nbsp; e partos prematuros.<\/p>\n\n\n\n<p>Desta forma, em gravidez natural ou por meio da<a href=\"https:\/\/nilofrantz.com.br\/site26\/o-que-e-reproducao-assistida\/\"> reprodu\u00e7\u00e3o assistida,<\/a> \u00e9 indicado iniciar suplementa\u00e7\u00e3o de \u00e1cido f\u00f3lico pelo menos um m\u00eas antes da gravidez e seguir nas primeiras oito semanas de gesta\u00e7\u00e3o.&nbsp;<\/p>\n\n\n\n<h2 class=\"wp-block-heading\" class=\"wp-block-heading\" id=\"acido-folico-e-sua-relacao-com-a-fertilidade\">\u00c1cido f\u00f3lico e sua rela\u00e7\u00e3o com a fertilidade<\/h2>\n\n\n\n<p>Quando uma mulher decide engravidar, um dos primeiros suplementos indicados pelos m\u00e9dicos \u00e9 o \u00e1cido f\u00f3lico devido seu forte impacto na sa\u00fade geral e na fertilidade feminina. Nesse sentido, <a href=\"https:\/\/www.scielo.br\/j\/csc\/a\/Qb9Q8gssDcWzgDwbzcvwY3f\/?format=pdf\">estudos<\/a>&nbsp; mostram que al\u00e9m de melhorar o metabolismo, ele tem efeito direto na capacidade reprodutiva das mulheres, aumentando as chances de uma gravidez tranquila.<\/p>\n\n\n\n<p>Conhe\u00e7a alguns benef\u00edcios do \u00e1cido f\u00f3lico para fertilidade feminina:<\/p>\n\n\n\n<ul class=\"wp-block-list\">\n<li>Influenciar o aumento da <a href=\"https:\/\/nilofrantz.com.br\/site26\/progesterona-na-gravidez\/\">progesterona;<\/a>&nbsp;<\/li>\n\n\n\n<li>Agir na regula\u00e7\u00e3o do <a href=\"https:\/\/nilofrantz.com.br\/site26\/ovulacao\/\">ciclo ovulat\u00f3rio;<\/a>&nbsp;<\/li>\n\n\n\n<li>Favorece as condi\u00e7\u00f5es do endom\u00e9trio;<\/li>\n\n\n\n<li>Diminuir o risco de <a href=\"https:\/\/nilofrantz.com.br\/site26\/aborto-espontaneo\/\">abortos<\/a> recorrentes;<\/li>\n\n\n\n<li>Atuar na forma\u00e7\u00e3o do tubo neural do feto;<\/li>\n\n\n\n<li>Reduz sintomas de depress\u00e3o p\u00f3s-parto.<\/li>\n<\/ul>\n\n\n\n<h2 class=\"wp-block-heading\" class=\"wp-block-heading\" id=\"como-o-acido-folico-influencia-na-receptividade-endometrial\">Como o \u00e1cido f\u00f3lico influencia na receptividade endometrial?&nbsp;<\/h2>\n\n\n\n<p>O \u00e1cido f\u00f3lico contribui na prepara\u00e7\u00e3o do endom\u00e9trio para receber o embri\u00e3o, ou seja, para que ocorra a&nbsp; <a href=\"https:\/\/nilofrantz.com.br\/site26\/implantacao-do-embriao\/\">implanta\u00e7\u00e3o do embri\u00e3o,<\/a> etapa fundamental de uma<a href=\"https:\/\/nilofrantz.com.br\/site26\/gravidez\/\"> gravidez<\/a>\u2026 Tamb\u00e9m chamado de<a href=\"https:\/\/nf.lucianamanoli.com.br\/menstruacao-ou-sangramento-de-nidacao\/\"> nida\u00e7\u00e3o<\/a>, consiste na chegada do embri\u00e3o ao \u00fatero quando ele se fixa no <a href=\"https:\/\/nilofrantz.com.br\/site26\/endometrio-fino-faq\/\">endom\u00e9trio<\/a> (tecido que reveste a parede interna do \u00fatero) dando in\u00edcio \u00e0 gesta\u00e7\u00e3o.&nbsp;<\/p>\n\n\n\n<p>Para isto acontecer, o<a href=\"https:\/\/nilofrantz.com.br\/site26\/tag\/como-e-o-preparo-do-endometrio\/\"> endom\u00e9trio precisa ser preparado <\/a>para abrigar o <a href=\"https:\/\/nilofrantz.com.br\/site26\/fecundacao-humana-entenda-o-processo\/\">\u00f3vulo fecundado<\/a>, o que acontece naturalmente pela a\u00e7\u00e3o dos horm\u00f4nios durante o <a href=\"https:\/\/nilofrantz.com.br\/site26\/ciclo-menstrual\/\">ciclo menstrual.<\/a>&nbsp; Ou seja, a <a href=\"https:\/\/nilofrantz.com.br\/site26\/teste-era-o-que-e\/#:~:text=Dessa%20forma%2C%20o%20endom%C3%A9trio%20%C3%A9,e%20dar%20continuidade%20%C3%A0%20gesta%C3%A7%C3%A3o.\">receptividade endometrial<\/a> \u00e9 essencial para que a implanta\u00e7\u00e3o ocorra e o embri\u00e3o se desenvolva at\u00e9 que a placenta se forme.&nbsp;<\/p>\n\n\n\n<p>Contudo, caso o endom\u00e9trio n\u00e3o esteja apto, o embri\u00e3o, mesmo de boa qualidade, n\u00e3o conseguir\u00e1 se desenvolver, acarretando <a href=\"https:\/\/nilofrantz.com.br\/site26\/aborto-de-repeticao\/\">aborto.<\/a><\/p>\n\n\n\n<h2 class=\"wp-block-heading\" class=\"wp-block-heading\" id=\"acido-folico-na-reproducao-assistida\">\u00c1cido F\u00f3lico na Reprodu\u00e7\u00e3o Assistida<\/h2>\n\n\n\n<p>A a\u00e7\u00e3o do \u00e1cido f\u00f3lico nas t\u00e9cnicas de<a href=\"https:\/\/nilofrantz.com.br\/site26\/o-que-e-reproducao-assistida\/\"> reprodu\u00e7\u00e3o assistida <\/a>\u00e9 o mesmo que ele desempenha em uma gravidez natural. Desta forma, as mulheres <a href=\"https:\/\/nilofrantz.com.br\/site26\/tentantes-gravidez\/\">tentantes<\/a> s\u00e3o orientadas a tomar suplementos desta vitamina mesmo antes do tratamento iniciar. O objetivo \u00e9 potencializar as chances de se chegar \u00e0 gesta\u00e7\u00e3o e aumentar as possibilidades de um desenvolvimento embrion\u00e1rio saud\u00e1vel.<\/p>\n\n\n\n<h2 class=\"wp-block-heading\" class=\"wp-block-heading\" id=\"quais-as-fontes-de-acido-folico\">Quais as fontes de \u00e1cido f\u00f3lico?<\/h2>\n\n\n\n<p>O \u00e1cido f\u00f3lico \u00e9 encontrado em alimentos como ovos, feij\u00e3o, gr\u00e3os integrais, frutas c\u00edtricas, legumes, f\u00edgado e verduras verde-escuras como espinafre, br\u00f3colis e aspargos. Entretanto, h\u00e1 suplementos da vitamina B\u2089 que tamb\u00e9m podem fornecer as quantidades necess\u00e1rias desse nutriente ao organismo.&nbsp;<\/p>\n\n\n\n<h3 class=\"wp-block-heading\" class=\"wp-block-heading\" id=\"quais-os-valores-considerados-normais-de-acido-folico-no-organismo\">Quais os valores considerados normais de \u00e1cido f\u00f3lico no organismo?<\/h3>\n\n\n\n<p>Como sabemos, o \u00e1cido f\u00f3lico nas quantidades corretas ajuda a fortalecer o sistema imunol\u00f3gico e a prevenir doen\u00e7as como anemia, infarto e Alzheimer. Nesse sentido, de acordo com a <a href=\"https:\/\/189.28.128.100\/dab\/docs\/portaldab\/documentos\/guia_gestantes.pdf\">OMS<\/a>, os n\u00edveis de \u00e1cido f\u00f3lico no sangue devem ser superiores a 6 ng\/mL, sendo lim\u00edtrofe de 3 a 5,9 ng\/mL e deficiente quando menores de 3 ng\/mL. Vale lembrar que esse valores podem variar entre diferentes laborat\u00f3rios.<\/p>\n\n\n\n<p>J\u00e1 no caso de suplementa\u00e7\u00e3o para as gr\u00e1vidas, a dose m\u00ednima para reduzir riscos de&nbsp; altera\u00e7\u00e3o cong\u00eanita no beb\u00ea \u00e9 de 400 mcg de \u00e1cido f\u00f3lico ao dia no 1\u00ba trimestre da gesta\u00e7\u00e3o.<\/p>\n\n\n\n<h3 class=\"wp-block-heading\" class=\"wp-block-heading\" id=\"riscos-da-deficiencia-de-acido-folico\">Riscos da defici\u00eancia de \u00e1cido f\u00f3lico<\/h3>\n\n\n\n<p>Como sabemos, o \u00e1cido f\u00f3lico nas quantidades corretas ajuda a fortalecer o sistema imunol\u00f3gico e a prevenir algumas doen\u00e7as. Entretanto, a defici\u00eancia desta vitamina pode causar problemas ao organismo como a fraqueza, a perda de apetite, n\u00e1useas e queda de cabelo, entre outros.<\/p>\n\n\n\n<p>Veja alguns riscos causados pela baixa de \u00e1cido f\u00f3lico no sangue:<\/p>\n\n\n\n<p>Durante a gesta\u00e7\u00e3o:<\/p>\n\n\n\n<ul class=\"wp-block-list\">\n<li>Malforma\u00e7\u00f5es fetais como espinha b\u00edfida e a anencefalia;<\/li>\n\n\n\n<li><a href=\"https:\/\/bvsms.saude.gov.br\/fissura-labio-palatal-e-labio-leporino\/#:~:text=%C3%89%20uma%20abertura%20no%20l%C3%A1bio,se%20formando%2C%20antes%20de%20nascer.\">L\u00e1bio leporino;<\/a><\/li>\n\n\n\n<li><a href=\"https:\/\/www.msdmanuals.com\/pt-br\/casa\/problemas-de-sa%C3%BAde-feminina\/complica%C3%A7%C3%B5es-do-trabalho-de-parto-e-do-parto\/trabalho-de-parto-prematuro\">Partos prematuros<\/a>;<\/li>\n\n\n\n<li>Abortos;<\/li>\n\n\n\n<li>Nascimento de beb\u00eas abaixo do peso.<\/li>\n<\/ul>\n\n\n\n<p>Riscos para homens e mulheres, ao longo da vida:<\/p>\n\n\n\n<ul class=\"wp-block-list\">\n<li>Alzheimer;<\/li>\n\n\n\n<li><a href=\"https:\/\/www.gov.br\/saude\/pt-br\/assuntos\/saude-de-a-a-z\/a\/avc\">AVC<\/a> -acidente vascular cerebral;<\/li>\n\n\n\n<li>problemas card\u00edacos;<\/li>\n\n\n\n<li>Alguns tipos de c\u00e2ncer;<\/li>\n\n\n\n<li><a href=\"https:\/\/bvsms.saude.gov.br\/anemia\/\">Anemia<\/a>;<\/li>\n\n\n\n<li><a href=\"https:\/\/www.tjdft.jus.br\/informacoes\/programas-projetos-e-acoes\/pro-vida\/dicas-de-saude\/pilulas-de-saude\/depressao-causas-sintomas-tratamentos-diagnostico-e-prevencao\">Depress\u00e3o<\/a> e ansiedade;<\/li>\n\n\n\n<li>Falta de energia;<\/li>\n\n\n\n<li>Dificuldade para memoriza\u00e7\u00e3o e concentra\u00e7\u00e3o,&nbsp;<\/li>\n<\/ul>\n\n\n\n<h2 class=\"wp-block-heading\" class=\"wp-block-heading\" id=\"como-suplementar-com-acido-folico\">Como Suplementar com \u00c1cido F\u00f3lico?<\/h2>\n\n\n\n<p>Uma maneira eficiente de aumentar a presen\u00e7a de \u00e1cido f\u00f3lico no corpo \u00e9 atrav\u00e9s de suplementos sint\u00e9ticos que possibilitam uma \u00f3tima absor\u00e7\u00e3o da vitamina B\u2089. Nesse sentido, a&nbsp; suplementa\u00e7\u00e3o di\u00e1ria para gestantes \u00e9 de 400 mcg de \u00e1cido f\u00f3lico nos primeiros meses, sob orienta\u00e7\u00e3o m\u00e9dica.<\/p>\n\n\n\n<p>Al\u00e9m disso, \u00e9 indicado seguir uma dieta com alimentos ricos em \u00e1cido f\u00f3lico, entre outros nutrientes necess\u00e1rios para uma gravidez saud\u00e1vel. E para maior efici\u00eancia, a dica \u00e9 n\u00e3o cozinhar demais as verduras e legumes, e se poss\u00edvel, comer os vegetais ligeiramente cozidos no vapor ou crus.<\/p>\n\n\n\n<p>Veja a seguir algumas sugest\u00f5es de fontes naturais de \u00e1cido f\u00f3lico;<\/p>\n\n\n\n<p>&#8211; verduras escuras, como couve, br\u00f3colis, espinafre, escarola, alface e salsa;<\/p>\n\n\n\n<p>&#8211; batata&nbsp;<\/p>\n\n\n\n<p>&#8211; beterraba<\/p>\n\n\n\n<p>&#8211; feij\u00f5es de todos os tipos, lentilha, ervilha<\/p>\n\n\n\n<p>&#8211; cogumelo<\/p>\n\n\n\n<p>&#8211; g\u00e9rmen de trigo<\/p>\n\n\n\n<p>&#8211; aspargos<\/p>\n\n\n\n<p>&#8211; frutas c\u00edtricas, como laranja, lim\u00e3o, tangerina, abacate, manga, mel\u00e3o e banana<\/p>\n\n\n\n<p>&#8211; ovo&nbsp;<\/p>\n\n\n\n<p>&#8211; salm\u00e3o<\/p>\n\n\n\n<p>&#8211; carne vermelha, f\u00edgado de galinha<\/p>\n","protected":false},"excerpt":{"rendered":"<p>Voc\u00ea j\u00e1 ouviu falar em \u00e1cido f\u00f3lico? Essa vitamina \u00e9 importante para diferentes aspectos do organismo humano, mas ganha ainda mais destaque para as mulheres em idade f\u00e9rtil que desejam engravidar. Isto porque o \u00e1cido f\u00f3lico atua diretamente no desenvolvimento do beb\u00ea, principalmente reduzindo os riscos de defeitos no tubo neural do feto. No texto [&hellip;]<\/p>\n","protected":false},"author":9,"featured_media":13573,"comment_status":"open","ping_status":"open","sticky":false,"template":"","format":"standard","meta":{"_acf_changed":false,"footnotes":""},"categories":[19],"tags":[1070,34],"class_list":["post-13572","post","type-post","status-publish","format-standard","has-post-thumbnail","hentry","category-fertilidade","tag-acido-folico","tag-fertilidade"],"acf":[],"_links":{"self":[{"href":"https:\/\/nilofrantz.com.br\/site26\/wp-json\/wp\/v2\/posts\/13572","targetHints":{"allow":["GET"]}}],"collection":[{"href":"https:\/\/nilofrantz.com.br\/site26\/wp-json\/wp\/v2\/posts"}],"about":[{"href":"https:\/\/nilofrantz.com.br\/site26\/wp-json\/wp\/v2\/types\/post"}],"author":[{"embeddable":true,"href":"https:\/\/nilofrantz.com.br\/site26\/wp-json\/wp\/v2\/users\/9"}],"replies":[{"embeddable":true,"href":"https:\/\/nilofrantz.com.br\/site26\/wp-json\/wp\/v2\/comments?post=13572"}],"version-history":[{"count":0,"href":"https:\/\/nilofrantz.com.br\/site26\/wp-json\/wp\/v2\/posts\/13572\/revisions"}],"wp:featuredmedia":[{"embeddable":true,"href":"https:\/\/nilofrantz.com.br\/site26\/wp-json\/wp\/v2\/media\/13573"}],"wp:attachment":[{"href":"https:\/\/nilofrantz.com.br\/site26\/wp-json\/wp\/v2\/media?parent=13572"}],"wp:term":[{"taxonomy":"category","embeddable":true,"href":"https:\/\/nilofrantz.com.br\/site26\/wp-json\/wp\/v2\/categories?post=13572"},{"taxonomy":"post_tag","embeddable":true,"href":"https:\/\/nilofrantz.com.br\/site26\/wp-json\/wp\/v2\/tags?post=13572"}],"curies":[{"name":"wp","href":"https:\/\/api.w.org\/{rel}","templated":true}]}}