{"id":1044,"date":"2020-08-26T10:00:00","date_gmt":"2020-08-26T13:00:00","guid":{"rendered":"https:\/\/nilofrantz.com.br\/site26\/blog\/?p=1044"},"modified":"2020-12-17T10:14:25","modified_gmt":"2020-12-17T13:14:25","slug":"adenomiose","status":"publish","type":"post","link":"https:\/\/nilofrantz.com.br\/site26\/blog\/2020\/08\/26\/adenomiose\/","title":{"rendered":"Tudo o que voc\u00ea precisa saber sobre Adenomiose!"},"content":{"rendered":"\n<p>A Adenomiose \u00e9 uma doen\u00e7a ginecol\u00f3gica caracterizada pela presen\u00e7a de tecido <a href=\"https:\/\/www.tuasaude.com\/endometrio\/\">endometrial<\/a> (camada interna do \u00fatero) misturada ao miom\u00e9trio (camada muscular do pr\u00f3prio \u00fatero). A mescla destas camadas uterinas levam \u00e0 inflama\u00e7\u00e3o do local provocando dor, sangramento e c\u00f3licas fortes, especialmente durante o per\u00edodo menstrual.<\/p>\n\n\n\n<p>Segundo a Organiza\u00e7\u00e3o Mundial da Sa\u00fade (OMS), <a href=\"https:\/\/veja.abril.com.br\/saude\/conheca-a-adenomiose-problema-ginecologico-mais-doloroso-que-o-parto\/\">uma em cada dez mulheres no mundo pode sofrer com a doen\u00e7a<\/a>, que muitas vezes n\u00e3o manifesta sintomas. Entretanto, quando os sinais aparecem, podem causar um grande desconforto, diminuindo assim a qualidade de vida das pacientes.<\/p>\n\n\n\n<div class=\"wp-block-image\"><figure class=\"aligncenter\"><img decoding=\"async\" src=\"https:\/\/lh6.googleusercontent.com\/KSYU98QXKFWtF5qsqbNklsas9Nv6npnd3jWsNQwpJrQY7N38KkROUSyCF1SG_FkzeqlxrPeIIJ64Tr061HkLTGkfOkccVUMJ1EdVSeDuCBmpPPvSMFzHklWP8KlBj444FpYg81y0\" alt=\"Diferen\u00e7a entre um \u00fatero saud\u00e1vel e com adenomiose\"\/><\/figure><\/div>\n\n\n\n<h2 class=\"wp-block-heading\" class=\"wp-block-heading\" id=\"entenda-as-camadas-do-utero\">Entenda as camadas do \u00fatero<\/h2>\n\n\n\n<p>Para entender melhor a adenomiose, \u00e9 importante saber quais s\u00e3o as camadas do \u00fatero e suas fun\u00e7\u00f5es:<\/p>\n\n\n\n<h3 class=\"wp-block-heading\" class=\"wp-block-heading\" id=\"endometrio\">Endom\u00e9trio:&nbsp;<\/h3>\n\n\n\n<p>\u00c9 a parede interna do \u00fatero que possui uma grande quantidade de vasos sangu\u00edneos e gl\u00e2ndulas. \u00c9 l\u00e1 que o embri\u00e3o se implanta e se desenvolve durante a gesta\u00e7\u00e3o.&nbsp;<\/p>\n\n\n\n<p>Nesse sentido, durante cada ciclo menstrual, o corpo prepara o endom\u00e9trio para uma poss\u00edvel gravidez. Cerca de sete dias antes da ovula\u00e7\u00e3o ocorrer, o endom\u00e9trio se transforma. Ele fica mais espesso, mais vascularizado e mais rico em gl\u00e2ndulas para receber o embri\u00e3o.<\/p>\n\n\n\n<p>Entretanto, se o \u00f3vulo liberado n\u00e3o for fecundado, os est\u00edmulos hormonais para a prolifera\u00e7\u00e3o do endom\u00e9trio cessam. Sendo assim, toda aquela parede espessa desaba, provocando a menstrua\u00e7\u00e3o.<\/p>\n\n\n\n<h3 class=\"wp-block-heading\" class=\"wp-block-heading\" id=\"miometrio\">Miom\u00e9trio:&nbsp;<\/h3>\n\n\n\n<p>\u00c9 a camada intermedi\u00e1ria do \u00fatero onde s\u00f3 h\u00e1 m\u00fasculo. Por isso \u00e9 o respons\u00e1vel pela contra\u00e7\u00e3o uterina durante o trabalho de parto, fazendo com que o feto seja expulso da cavidade uterina. Sendo assim, na menstrua\u00e7\u00e3o, o miom\u00e9trio tamb\u00e9m se contrai, ajudando a eliminar os restos de endom\u00e9trio que descamou. Dessa forma, intensas contra\u00e7\u00f5es do miom\u00e9trio s\u00e3o a causa das c\u00f3licas menstruais.<\/p>\n\n\n\n<h3 class=\"wp-block-heading\" class=\"wp-block-heading\" id=\"serosa\">Serosa<strong>:<\/strong>&nbsp;<\/h3>\n\n\n\n<p>Camada externa, que separa o \u00fatero de outros \u00f3rg\u00e3os.<\/p>\n\n\n\n<div class=\"wp-block-image\"><figure class=\"aligncenter\"><img decoding=\"async\" src=\"https:\/\/lh3.googleusercontent.com\/VIWpeIP6C7X9SEdQRgJyqg2rjo88_EhA2l8H1iJg3mGOVRsrYtLy_Psn7f6MrnjLr_6sB5-JAgCPHN01Scirm-KMD3mNRqXXIbOXF6IpAxQJw2zDrbXjAiiUY6BVZGI6WvNBs4m1\" alt=\"Anatomia do sistema reprodutor feminino\"\/><\/figure><\/div>\n\n\n\n<h2 class=\"wp-block-heading\" class=\"wp-block-heading\" id=\"adenomiose-quais-sao-os-seus-principais-sintomas\">Adenomiose: quais s\u00e3o os seus principais sintomas?<\/h2>\n\n\n\n<p>\u00c9 uma doen\u00e7a mais prevalente em mulheres em idade reprodutiva. Estima-se que um ter\u00e7o delas sejam assintom\u00e1ticas. Por\u00e9m, quando a doen\u00e7a se manifesta, pode causar muitos sintomas, incluindo dificuldade para engravidar. Para as mulheres que desenvolvem a doen\u00e7a, os principais sintomas s\u00e3o:<\/p>\n\n\n\n<div class=\"wp-block-image\"><figure class=\"aligncenter\"><img decoding=\"async\" src=\"https:\/\/lh4.googleusercontent.com\/nyGLBdSdlXmzbGx6s06BCAc5kEf7UIxvFauAI5a3vdaBN8gf3oCj_i8iPiDW6Eho0wzYUil8GoVNekYDwVPxcX9JnuJTssEotPX5kOvHKqmWQKhhX-m1XaodjxPozOI2iBataGrp\" alt=\"Principais sintomas de adenomiose\"\/><\/figure><\/div>\n\n\n\n<p>\u00c9 importante ressaltar que, apesar da dor intensa e de sangramentos anormais, essa doen\u00e7a \u00e9 benigna. Al\u00e9m disso, sua classifica\u00e7\u00e3o pode ser superficial, intermedi\u00e1ria e profunda, dependendo de quantas camadas de m\u00fasculos s\u00e3o afetadas e dos tamanhos dos fragmentos endometriais. <\/p>\n\n\n\n<p>Nesse sentido, a freq\u00fc\u00eancia e a gravidade do quadro cl\u00ednico est\u00e3o relacionadas com a sua extens\u00e3o. Dessa maneira, a adenomiose \u00e9 classificada em dois tipos:<\/p>\n\n\n\n<h3 class=\"wp-block-heading\" class=\"wp-block-heading\" id=\"focal-ou-localizada\">Focal ou Localizada<strong>:<\/strong>&nbsp;<\/h3>\n\n\n\n<p>Caracterizada pela presen\u00e7a das gl\u00e2ndulas e tecido endometrial em determinada regi\u00e3o do \u00fatero. Nesse sentido, quando se localiza a adenomiose, o tecido endometrial pode formar n\u00f3dulos, tornando-se similar com um <a href=\"https:\/\/www.boaconsulta.com\/blog\/o-que-e-um-mioma-uterino\/\">mioma<\/a>.<\/p>\n\n\n\n<h3 class=\"wp-block-heading\" class=\"wp-block-heading\" id=\"difusa\">Difusa:&nbsp;<\/h3>\n\n\n\n<p>Caracterizada pela presen\u00e7a das gl\u00e2ndulas e tecido por toda a extens\u00e3o interna do \u00fatero. Dessa forma, o \u00fatero pode aumentar de tamanho, chegando a ter o volume semelhante ao de uma gravidez de 11 ou 12 semanas.<\/p>\n\n\n\n<h2 class=\"wp-block-heading\" class=\"wp-block-heading\" id=\"adenomiose-conheca-suas-causas\">Adenomiose: conhe\u00e7a suas causas<\/h2>\n\n\n\n<p>As causas da adenomiose ainda n\u00e3o est\u00e3o muito bem desvendadas. Algumas teorias sugerem que a doen\u00e7a tenha origem cong\u00eanita, como se fosse uma m\u00e1-forma\u00e7\u00e3o do \u00fatero na fase embrion\u00e1ria. <\/p>\n\n\n\n<p>Por\u00e9m, a teoria mais recorrente \u00e9 que a adenomiose seja uma doen\u00e7a adquirida durante a vida. Ou seja, como resultado de traumas no \u00fatero que tenham rompido a barreira entre o endom\u00e9trio e o miom\u00e9trio. <\/p>\n\n\n\n<p>As principais situa\u00e7\u00f5es que podem<strong> <\/strong>gerar a adenomiose s\u00e3o:<\/p>\n\n\n\n<ul class=\"wp-block-list\"><li>Gravidez;<\/li><li>Cirurgia de <a href=\"https:\/\/nilofrantz.com.br\/site26\/tudo-sobre-cesarea\/\" target=\"_blank\" rel=\"noreferrer noopener\">cesariana<\/a>;<\/li><li><a href=\"https:\/\/www.tuasaude.com\/curetagem\/\">Curetagem;\u00a0<\/a><\/li><li><a href=\"https:\/\/nilofrantz.com.br\/site26\/ligadura-de-trompas-e-vasectomia-como-funciona-cada-procedimento-para-a-mulher-e-o-homem\/\">Ligadura de trompas.\u00a0<\/a><\/li><\/ul>\n\n\n\n<p>Sabe-se tamb\u00e9m que a adenomiose tem influ\u00eancia dos horm\u00f4nios femininos. Nesse sentido, os sintomas da doen\u00e7a costumam piorar com o passar dos anos, mas depois melhoram na <a href=\"https:\/\/nilofrantz.com.br\/site26\/menopausa-como-combater-os-sintomas\/\" target=\"_blank\" rel=\"noreferrer noopener\">menopausa<\/a>. <\/p>\n\n\n\n<p>Dessa forma, a adenomiose \u00e9 mais frequente em mulheres entre os 35 a 50 anos de idade e que j\u00e1 engravidaram<strong>.<\/strong> Por\u00e9m, algumas pacientes mais jovens e sem filhos tamb\u00e9m podem ter a disfun\u00e7\u00e3o, sendo mais comum naquelas submetidas a cirurgias no \u00fatero, como a curetagem.<\/p>\n\n\n\n<p>Al\u00e9m das situa\u00e7\u00f5es citadas acima, outros fatores parecem colaborar com o aparecimento da adenomiose, tais como a primeira menstrua\u00e7\u00e3o (menarca) precoce e ciclos menstruais curtos.<\/p>\n\n\n\n<h2 class=\"wp-block-heading\" class=\"wp-block-heading\" id=\"adenomiose-e-endometriose-sao-a-mesma-coisa\">Adenomiose e endometriose s\u00e3o a mesma coisa?<\/h2>\n\n\n\n<p>Apesar da adenomiose e a endometriose tratarem de doen\u00e7as relacionadas ao tecido endometrial, elas s\u00e3o doen\u00e7as diferentes.<\/p>\n\n\n\n<p>Como j\u00e1 vimos anteriormente, o endom\u00e9trio \u00e9 a parede interna do \u00fatero muito vascularizada e cheia de gl\u00e2ndulas. Nesse sentido, quando n\u00e3o h\u00e1 fecunda\u00e7\u00e3o, esta parede descama e gera o sangramento da menstrua\u00e7\u00e3o. <\/p>\n\n\n\n<p>As duas doen\u00e7as s\u00e3o causadas pelo deslocamento an\u00f4malo de alguns fragmentos do endom\u00e9trio que e se depositam em diferentes regi\u00f5es. Confira:<\/p>\n\n\n\n<h3 class=\"wp-block-heading\" class=\"wp-block-heading\" id=\"endometriose\">Endometriose:&nbsp;<\/h3>\n\n\n\n<p>Por motivos ainda desconhecidos, <a href=\"https:\/\/nilofrantz.com.br\/site26\/o-que-e-endometriose-sintomas-e-tratamentos\/\">pequenos peda\u00e7os de endom\u00e9trio podem surgir fora da cavidade uterina<\/a>. Exemplos destes aparecimentos est\u00e3o nas trompas, ov\u00e1rios, vagina, perit\u00f4nio, intestino, bexiga e regi\u00e3o atr\u00e1s do colo do \u00fatero. <\/p>\n\n\n\n<p>Quando isso ocorre, toda vez que a mulher fica menstruada, esse pequeno fragmento de endom\u00e9trio tamb\u00e9m sangra, provocando grande irrita\u00e7\u00e3o ao seu redor. Dessa forma, a presen\u00e7a at\u00edpica de tecido endometrial fora do \u00fatero recebe o nome de endometriose.<\/p>\n\n\n\n<h3 class=\"wp-block-heading\" class=\"wp-block-heading\" id=\"adenomiose\">Adenomiose:&nbsp;<\/h3>\n\n\n\n<p>A adenomiose \u00e9 uma doen\u00e7a semelhante \u00e0 endometriose. Por\u00e9m, neste caso, a presen\u00e7a do endom\u00e9trio n\u00e3o ocorre em outros \u00f3rg\u00e3os, mas sim dentro do miom\u00e9trio, que \u00e9 a camada muscular do pr\u00f3prio \u00fatero. <\/p>\n\n\n\n<p>Sendo assim, toda vez que a mulher fica menstruada, tamb\u00e9m h\u00e1 um sangramento dentro da musculatura do \u00fatero, o que provoca grande irrita\u00e7\u00e3o do mesmo. Nesse sentido, podemos dizer que a adenomiose \u00e9 uma endometriose que ocorre no pr\u00f3prio \u00fatero.<\/p>\n\n\n\n<h2 class=\"wp-block-heading\" class=\"wp-block-heading\" id=\"como-diagnosticar-a-adenomiose\">Como diagnosticar a adenomiose?<\/h2>\n\n\n\n<p>O diagn\u00f3stico da adenomiose \u00e9 feito pelo ginecologista, geralmente atrav\u00e9s da observa\u00e7\u00e3o de sintomas, como dor, sangramentos intensos e queixa de dificuldade para engravidar. A partir da\u00ed, s\u00e3o realizados exames f\u00edsicos e de imagens, como resson\u00e2ncia magn\u00e9tica ou ultrassonografia transvaginal.<\/p>\n\n\n\n<p>Dentre os m\u00e9todos, a resson\u00e2ncia magn\u00e9tica \u00e9 o de maior sensibilidade para o diagn\u00f3stico da doen\u00e7a.<\/p>\n\n\n\n<h2 class=\"wp-block-heading\" class=\"wp-block-heading\" id=\"entenda-como-e-feito-o-tratamento-da-adenomiose\">Entenda como \u00e9 feito o tratamento da adenomiose<\/h2>\n\n\n\n<p>O tratamento da adenomiose ser\u00e1 definido pelo m\u00e9dico de acordo com a gravidade e a extens\u00e3o da disfun\u00e7\u00e3o. Nesse sentido, as interven\u00e7\u00f5es podem ser feitas com rem\u00e9dios ou atrav\u00e9s de cirurgia, dependendo de cada situa\u00e7\u00e3o. Os tratamentos mais utilizados s\u00e3o:<\/p>\n\n\n\n<div class=\"wp-block-image\"><figure class=\"aligncenter\"><img decoding=\"async\" src=\"https:\/\/lh3.googleusercontent.com\/7Mt5A42-GgfKSbz7Uv-6sjzkQX6BdUS_2IDXtwXWqc7_xUBVLjPiPOwg0GkuOr75PwQxzEyGi58ycoO180dq5ucg09hpW6ZdopXwpr6tO2cY82IV-Lhilnyyjm69RkdHs62w64W9\" alt=\"Tratamentos para adenomiose\"\/><\/figure><\/div>\n\n\n\n<h2 class=\"wp-block-heading\" class=\"wp-block-heading\" id=\"a-adenomiose-pode-afetar-a-gravidez\">A adenomiose pode afetar a gravidez?<\/h2>\n\n\n\n<p>A <a href=\"https:\/\/www.vidabemvinda.com.br\/infertilidade\/adenomiose\/\">adenomiose pode afetar a fertilidade <\/a>gerando complica\u00e7\u00f5es como <a href=\"https:\/\/nilofrantz.com.br\/site26\/gravidez-ectopica\/\">gravidez ect\u00f3pica,<\/a> <a href=\"https:\/\/nilofrantz.com.br\/site26\/aborto-de-repeticao\/\">abortos de repeti\u00e7\u00e3o,<\/a> dificuldade de fixa\u00e7\u00e3o do embri\u00e3o no \u00fatero, entre outros problemas. Algumas destas complica\u00e7\u00f5es podem surgir, pois a doen\u00e7a altera o funcionamento do organismo, como:<\/p>\n\n\n\n<ol class=\"wp-block-list\"><li>O aumento da produ\u00e7\u00e3o de outros horm\u00f4nios, que podem elevar a contratilidade do \u00fatero, que acaba expulsando o embri\u00e3o da cavidade do endom\u00e9trio;<\/li><li>O organismo entra em um constante processo de cicatriza\u00e7\u00e3o, diminuindo a produ\u00e7\u00e3o de <a href=\"https:\/\/nilofrantz.com.br\/site26\/progesterona-na-gravidez\/\" target=\"_blank\" rel=\"noreferrer noopener\">progesterona<\/a>, horm\u00f4nio essencial para a fertiliza\u00e7\u00e3o e implanta\u00e7\u00e3o do embri\u00e3o;<\/li><li>A resposta inflamat\u00f3ria do organismo aumenta a produ\u00e7\u00e3o de radicais livres, podendo comprometer a qualidade de \u00f3vulos, espermatozoides e embri\u00f5es.\u00a0<\/li><\/ol>\n\n\n\n<p>Nesse sentido, \u00e9 recomendado o acompanhamento regular de um m\u00e9dico especialista para que sejam administradas e\/ou evitadas essas situa\u00e7\u00f5es. Entretanto, vale lembrar que os sintomas de adenomiose surgem geralmente ap\u00f3s a gravidez, devido ao estiramento do \u00fatero. Por isso, a maioria das mulheres consegue engravidar e ter filhos antes do aparecimento da doen\u00e7a.<\/p>\n\n\n\n<h3 class=\"wp-block-heading\" class=\"wp-block-heading\" id=\"tenho-adenomiose-e-quero-engravidar-e-agora\">Tenho adenomiose e quero engravidar. E agora?<\/h3>\n\n\n\n<p>Para aquelas mulheres que possuem adenomiose e ainda querem engravidar, deve-se pensar em op\u00e7\u00f5es cir\u00fargicas e medicamentosas para conseguir alcan\u00e7ar o sonho da maternidade.<\/p>\n\n\n\n<p>O tratamento de cirurgia, geralmente, \u00e9 feito por <a href=\"https:\/\/www.endopelvic.com\/perguntas-frequentes\/o-que-e-videolaparoscopia\">videolaparoscopia,<\/a> mas s\u00f3 \u00e9 poss\u00edvel para les\u00f5es focais tipo <a href=\"https:\/\/www.doctoralia.com.br\/perguntas-respostas\/o-que-e-adenomioma\">adenomiomas<\/a>.<a href=\"https:\/\/www.doctoralia.com.br\/perguntas-respostas\/o-que-e-adenomioma\"> <\/a>Neste sentido, alguns estudos mostram melhora da fertilidade e das taxas de gravidez ap\u00f3s Fertiliza\u00e7\u00e3o in Vitro (FIV). Isso em pacientes que retiraram parte ou toda les\u00e3o de adenomiose.<\/p>\n\n\n\n<p>J\u00e1 para as les\u00f5es difusas, que s\u00e3o a maioria, o tratamento cl\u00ednico com anticoncepcionais por per\u00edodos de 3 a 6 meses \u00e9 o mais indicado. O prop\u00f3sito desse tratamento \u00e9 induzir uma remiss\u00e3o tempor\u00e1ria da doen\u00e7a, para aumentar, na sequ\u00eancia, as chances de gesta\u00e7\u00e3o. Dessa forma, h\u00e1 em muitos casos, uma melhora das condi\u00e7\u00f5es para implanta\u00e7\u00e3o do embri\u00e3o ap\u00f3s tratamento de reprodu\u00e7\u00e3o assistida.<\/p>\n\n\n\n<p>Sendo assim, a Fertiliza\u00e7\u00e3o in vitro (FIV) \u00e9 a t\u00e9cnica mais indicada para estas situa\u00e7\u00f5es. Por esta raz\u00e3o, se voc\u00ea tem adenomiose e n\u00e3o est\u00e1 conseguindo engravidar, baixe o nosso ebook com todas as informa\u00e7\u00f5es sobre a FIV e veja como voc\u00ea pode aumentar as chances de gravidez nestes casos.<br><\/p>\n\n\n\n<div class=\"wp-block-image\"><figure class=\"aligncenter size-large\"><a href=\"https:\/\/conteudo.nilofrantz.com.br\/am-ebook-fertilizacao-in-vitro-como-o-metodo-garantiu-o-aumento-das-taxas-de-sucesso-na-reproducao-assistida\"><img decoding=\"async\" src=\"https:\/\/nilofrantz.com.br\/site26\/wp-content\/uploads\/2019\/09\/cta-site-eBook_04_Fertiliza\u00e7\u00e3o-In-Vitro-1024x508.png\" alt=\"E-book Nilo Frantz Fertiliza\u00e7\u00e3o in vitro\" class=\"wp-image-489\"\/><\/a><\/figure><\/div>\n","protected":false},"excerpt":{"rendered":"<p>A Adenomiose \u00e9 uma doen\u00e7a ginecol\u00f3gica caracterizada pela presen\u00e7a de tecido endometrial (camada interna do \u00fatero) misturada ao miom\u00e9trio (camada muscular do pr\u00f3prio \u00fatero). A mescla destas camadas uterinas levam \u00e0 inflama\u00e7\u00e3o do local provocando dor, sangramento e c\u00f3licas fortes, especialmente durante o per\u00edodo menstrual. Segundo a Organiza\u00e7\u00e3o Mundial da Sa\u00fade (OMS), uma em cada [&hellip;]<\/p>\n","protected":false},"author":12,"featured_media":0,"comment_status":"open","ping_status":"open","sticky":false,"template":"","format":"standard","meta":{"_acf_changed":false,"footnotes":""},"categories":[19,17],"tags":[222,74,197,75],"class_list":["post-1044","post","type-post","status-publish","format-standard","hentry","category-fertilidade","category-tratamentos","tag-adenomiose-x-endometriose","tag-causas","tag-sintomas","tag-tratamentos"],"acf":[],"_links":{"self":[{"href":"https:\/\/nilofrantz.com.br\/site26\/wp-json\/wp\/v2\/posts\/1044","targetHints":{"allow":["GET"]}}],"collection":[{"href":"https:\/\/nilofrantz.com.br\/site26\/wp-json\/wp\/v2\/posts"}],"about":[{"href":"https:\/\/nilofrantz.com.br\/site26\/wp-json\/wp\/v2\/types\/post"}],"author":[{"embeddable":true,"href":"https:\/\/nilofrantz.com.br\/site26\/wp-json\/wp\/v2\/users\/12"}],"replies":[{"embeddable":true,"href":"https:\/\/nilofrantz.com.br\/site26\/wp-json\/wp\/v2\/comments?post=1044"}],"version-history":[{"count":0,"href":"https:\/\/nilofrantz.com.br\/site26\/wp-json\/wp\/v2\/posts\/1044\/revisions"}],"wp:attachment":[{"href":"https:\/\/nilofrantz.com.br\/site26\/wp-json\/wp\/v2\/media?parent=1044"}],"wp:term":[{"taxonomy":"category","embeddable":true,"href":"https:\/\/nilofrantz.com.br\/site26\/wp-json\/wp\/v2\/categories?post=1044"},{"taxonomy":"post_tag","embeddable":true,"href":"https:\/\/nilofrantz.com.br\/site26\/wp-json\/wp\/v2\/tags?post=1044"}],"curies":[{"name":"wp","href":"https:\/\/api.w.org\/{rel}","templated":true}]}}