{"id":1010,"date":"2020-08-05T11:50:11","date_gmt":"2020-08-05T14:50:11","guid":{"rendered":"https:\/\/nilofrantz.com.br\/site26\/blog\/?p=1009"},"modified":"2021-09-10T11:32:54","modified_gmt":"2021-09-10T14:32:54","slug":"gravidez","status":"publish","type":"post","link":"https:\/\/nilofrantz.com.br\/site26\/blog\/2020\/08\/05\/gravidez\/","title":{"rendered":"Gravidez: sintomas, exames e cuidados!"},"content":{"rendered":"\n<p>A gravidez \u00e9 o per\u00edodo que dura cerca de 40 semanas (280 dias) em que uma mulher gesta um beb\u00ea. Nesse sentido, \u00e9 o resultado da <a href=\"https:\/\/nilofrantz.com.br\/site26\/fecundacao-humana-entenda-o-processo\/\">fecunda\u00e7\u00e3o<\/a><a href=\"https:\/\/brasilescola.uol.com.br\/o-que-e\/biologia\/o-que-e-fecundacao.htm\"> <\/a>de um \u00f3vulo (gameta feminino) por um espermatozoide (gameta masculino), formando o <a href=\"https:\/\/www.gestacaobebe.com.br\/embriao\/\">embri\u00e3o<\/a>, e a sua posterior fixa\u00e7\u00e3o no \u00fatero materno.&nbsp;<\/p>\n\n\n\n<p>Quando ocorre a fecunda\u00e7\u00e3o do \u00f3vulo, ele transforma-se em <a href=\"https:\/\/brasilescola.uol.com.br\/o-que-e\/biologia\/o-que-e-zigoto.htm\">zigoto<\/a> (primeira fase do embri\u00e3o) e viaja pela trompa uterina em dire\u00e7\u00e3o ao \u00fatero. Dessa forma, ap\u00f3s uma jornada, em torno de 6, o embri\u00e3o chega ao \u00fatero e implanta-se na sua parede, processo chamado de <a href=\"https:\/\/www.minhavida.com.br\/familia\/tudo-sobre\/35655-nidacao\">nida\u00e7\u00e3o<\/a>.&nbsp;<\/p>\n\n\n\n<p>Sendo assim, podemos dizer que a fecunda\u00e7\u00e3o marca o in\u00edcio de uma poss\u00edvel gravidez que s\u00f3 vai realmente acontecer com implanta\u00e7\u00e3o do embri\u00e3o no \u00fatero materno. A partir da\u00ed, ser\u00e3o 9 meses de gesta\u00e7\u00e3o para o desenvolvimento completo do feto at\u00e9 o momento do parto.<\/p>\n\n\n\n<figure class=\"wp-block-image\"><img decoding=\"async\" src=\"https:\/\/lh6.googleusercontent.com\/bxtWTfCIZu97eHSb-0T8Zvkm86kSP1-n9RhJSrBCraN9FMfTFe7egQ43KIxNmLqAS3Fq3WS5hipi5oxrqpQD0-WwoqI2HvG-7PXa9SSZAcNeUvrf9ngFVlShehu0qYL-X0EC6YkJ\" alt=\"\"\/><\/figure>\n\n\n\n<h2 class=\"wp-block-heading\" class=\"wp-block-heading\" id=\"gravidez-quais-os-principais-sintomas\">Gravidez: quais os principais sintomas?<\/h2>\n\n\n\n<p>A gravidez tem como caracter\u00edstica diversos sintomas que indicam que a gesta\u00e7\u00e3o est\u00e1 em andamento. Nesse sentido, especialmente na fase inicial, existem alguns ind\u00edcios bem cl\u00e1ssicos que s\u00e3o percebidos por muitas gestantes.&nbsp;<\/p>\n\n\n\n<p>Os primeiros sinais surgem geralmente quando o embri\u00e3o implanta-se no \u00fatero, o que ocorre entre a 1\u00aa e a 2\u00aa semana ap\u00f3s a rela\u00e7\u00e3o sexual. Nesse sentido, desde a implanta\u00e7\u00e3o at\u00e9 mais ou menos a 13\u00aa semana de gesta\u00e7\u00e3o, o organismo da gr\u00e1vida passa por diversas mudan\u00e7as, principalmente hormonais, que podem provocar v\u00e1rios sintomas.&nbsp;<\/p>\n\n\n\n<p>No entanto, \u00e9 importante lembrar que cada gravidez \u00e9 \u00fanica e, deste modo, a experi\u00eancia de cada gestante e os sintomas que sentem podem variar bastante.<\/p>\n\n\n\n<p>Veja aqui alguns sinais que podem indicar uma gravidez:<\/p>\n\n\n\n<div class=\"wp-block-image\"><figure class=\"aligncenter\"><img decoding=\"async\" src=\"https:\/\/lh3.googleusercontent.com\/-G6p417CuNc2SWETXhJJLCWKjTSAgd-icq3UkkwV7w991BHEgh8rHJ796FOOVjozmBM7LD_nR1EgWvjE1fTiyvJMRwRF6OGA4-7dfEAbR4GgeG0MdgxXfQ1evdkTiQGCsYxEtz4M\" alt=\"Principais sintomas de gravidez\"\/><\/figure><\/div>\n\n\n\n<h3 class=\"wp-block-heading\" class=\"wp-block-heading\" id=\"atraso-menstrual\">Atraso menstrual<\/h3>\n\n\n\n<p>O <a href=\"https:\/\/nilofrantz.com.br\/site26\/menstruacao-atrasada-significados\/\" target=\"_blank\" rel=\"noreferrer noopener\">atraso menstrual<\/a> \u00e9 o primeiro sintoma que leva a grande maioria das mulheres desconfiarem de uma gravidez. Nesse sentido, \u00e9 o principal sinal de alerta que surge por volta da 4\u00aa semana.&nbsp;<\/p>\n\n\n\n<p>Contudo, vale destacar que mulheres de ciclos menstruais irregulares e\/ou que apresentam per\u00edodos de <a href=\"https:\/\/www.clinicagera.com.br\/anovulacao-o-que-e-sintomas-e-tratamentos\/\">anovula\u00e7\u00e3o <\/a>(n\u00e3o ovulam durante um determinado m\u00eas) podem ter dificuldades de identificar o atraso da menstrua\u00e7\u00e3o.<\/p>\n\n\n\n<h3 class=\"wp-block-heading\" class=\"wp-block-heading\" id=\"mudancas-no-seios-volume-sensibilidade-e-aparencia\">Mudan\u00e7as no seios (volume, sensibilidade e apar\u00eancia)<\/h3>\n\n\n\n<p>As altera\u00e7\u00f5es nos seios, como o aumento no volume e na sensibilidade das mamas, s\u00e3o sinais muito comuns e t\u00edpicos de gravidez. Nesse sentido, ocorrem devido \u00e0 a\u00e7\u00e3o dos horm\u00f4nios que estimulam as gl\u00e2ndulas mam\u00e1rias, preparando a mulher para a amamenta\u00e7\u00e3o.&nbsp;<\/p>\n\n\n\n<p>Al\u00e9m disso, no que se refere \u00e0 apar\u00eancia, a gravidez tamb\u00e9m causa um escurecimento dos mamilos, o aparecimento de veias ao redor dos seios e o surgimento dos <a href=\"https:\/\/www.maedeleite.com.br\/tuberculos-de-montgomery-quem-sao-eles\/\">tub\u00e9rculos de Montgomery<\/a>. Esses pequenos n\u00f3dulos s\u00e3o gl\u00e2ndulas que produzem secre\u00e7\u00f5es para manter a ar\u00e9ola e o mamilo lubrificados.<\/p>\n\n\n\n<h3 class=\"wp-block-heading\" class=\"wp-block-heading\" id=\"nausea-e-vomitos\">N\u00e1usea e v\u00f4mitos<\/h3>\n\n\n\n<p>As n\u00e1useas e v\u00f4mitos, especialmente pelas manh\u00e3s, s\u00e3o sintomas cl\u00e1ssicos da gravidez, e iniciam a partir da 4\u00aa ou 5\u00aa semana da gesta\u00e7\u00e3o. Nesse sentido, cerca de 70% das gestantes sentem enjoos durante o primeiro trimestre, podendo variar de quadros leves at\u00e9 bem intensos. Estes sintomas tendem a passar ou diminuir a partir do segundo trimestre da gesta\u00e7\u00e3o.&nbsp;<\/p>\n\n\n\n<h3 class=\"wp-block-heading\" class=\"wp-block-heading\" id=\"sono-e-cansaco\">Sono e cansa\u00e7o<\/h3>\n\n\n\n<p>Outros sintomas bem frequentes de gravidez s\u00e3o o aumento do sono e o cansa\u00e7o excessivo, que surgem logo no in\u00edcio da gesta\u00e7\u00e3o. Isto acontece pelas altera\u00e7\u00f5es hormonais, principalmente da <a href=\"https:\/\/nilofrantz.com.br\/site26\/progesterona-na-gravidez\/\" target=\"_blank\" rel=\"noreferrer noopener\">progesterona<\/a>, que age diretamente no sistema nervoso central e nos sistemas respirat\u00f3rios e cardiovascular.&nbsp;<\/p>\n\n\n\n<p>Nesse sentido, \u00e9 normal que a futura mam\u00e3e sinta mais sono e cansa\u00e7o, especialmente nas primeiras 12 semanas de gravidez, enquanto o corpo adapta todo seu metabolismo para fornecer a energia necess\u00e1ria para o desenvolvimento do beb\u00ea.<\/p>\n\n\n\n<h3 class=\"wp-block-heading\" class=\"wp-block-heading\" id=\"aumento-do-apetite-e-desejos-alimentares\">Aumento do apetite e desejos alimentares<\/h3>\n\n\n\n<p>Ter mais fome do que o normal e vontade de comer coisas diferentes tamb\u00e9m pode indicar uma gravidez. Nesse sentido, as gestantes podem ter vontade de comer comidas estranhas, experimentar misturas diferentes, ou at\u00e9 comer alimentos que nunca provaram antes.&nbsp;<\/p>\n\n\n\n<p>Quanto aos famosos &#8220;desejos alimentares&#8221;, a ci\u00eancia ainda n\u00e3o sabe explicar exatamente porque acontecem durante a gravidez, mas estima-se que sejam decorrentes de altera\u00e7\u00f5es emocionais e hormonais, principalmente da progesterona e do HCG. Nesse sentido, vale ressaltar que muitos desejos est\u00e3o ligados \u00e0 falta de algum nutriente ou vitamina.&nbsp;<\/p>\n\n\n\n<p>Al\u00e9m disso, do mesmo modo que as gr\u00e1vidas adquirem desejos, as gestantes tamb\u00e9m podem desenvolver avers\u00f5es a certas comidas e\/ou cheiros.&nbsp;<\/p>\n\n\n\n<h3 class=\"wp-block-heading\" class=\"wp-block-heading\" id=\"alteracoes-do-paladar-e-do-olfato\">Altera\u00e7\u00f5es do paladar e do olfato<\/h3>\n\n\n\n<p>As mudan\u00e7as no paladar e no olfato s\u00e3o outras caracter\u00edsticas muito comuns na gravidez. Dessa forma, algumas gr\u00e1vidas passam a n\u00e3o gostar mais de algumas comidas que antes apreciavam, ou mesmo, come\u00e7am a comer alimentos que antes n\u00e3o toleravam.&nbsp;<\/p>\n\n\n\n<p>Al\u00e9m disso, o olfato tamb\u00e9m pode ficar mais sens\u00edvel na gravidez. Desta forma, odores intensos, mesmo que agrad\u00e1veis, como os de perfumes ou comidas, podem fazer as gr\u00e1vidas enjoarem.<\/p>\n\n\n\n<h3 class=\"wp-block-heading\" class=\"wp-block-heading\" id=\"colicas-ou-dor-abdominal\">C\u00f3licas ou dor abdominal<\/h3>\n\n\n\n<p>Outros sintomas iniciais que podem indicar gravidez \u00e9 uma sensa\u00e7\u00e3o de desconforto ou incha\u00e7o na parte inferior do abd\u00f4men e c\u00f3licas. No primeiro trimestre, essas dores podem ser causadas pelo in\u00edcio do crescimento do \u00fatero e altera\u00e7\u00f5es hormonais.<\/p>\n\n\n\n<h3 class=\"wp-block-heading\" class=\"wp-block-heading\" id=\"tonturas-e-dor-de-cabeca\">Tonturas e dor de cabe\u00e7a<\/h3>\n\n\n\n<p>As tonturas como sinal de gravidez podem ocorrer pela queda da press\u00e3o arterial ou redu\u00e7\u00e3o da glicose no sangue e, muitas vezes, causam desmaios. Por isso, para evitar <a href=\"https:\/\/www.anad.org.br\/o-que-saber-sobre-hipoglicemia-e-gravidez\/\">hipoglicemia<\/a>, indica-se que a gestante se alimente a cada 3 horas. Al\u00e9m disso, dores de cabe\u00e7a tamb\u00e9m s\u00e3o comuns durante a gravidez devido \u00e0s altera\u00e7\u00f5es hormonais.&nbsp;<\/p>\n\n\n\n<h3 class=\"wp-block-heading\" class=\"wp-block-heading\" id=\"aumento-da-vontade-para-urinar\">Aumento da vontade para urinar<\/h3>\n\n\n\n<p>J\u00e1 nas primeiras semanas de gesta\u00e7\u00e3o, a gr\u00e1vida pode sentir vontade de fazer xixi com mais frequ\u00eancia. Isto acontece pois o horm\u00f4nio progesterona, cuja produ\u00e7\u00e3o aumenta durante a gesta\u00e7\u00e3o, relaxa a bexiga que n\u00e3o esvazia completamente quando a gestante vai urinar. Desta forma, pouco tempo ap\u00f3s urinar, a mulher j\u00e1 sente vontade de fazer xixi novamente.<\/p>\n\n\n\n<h3 class=\"wp-block-heading\" class=\"wp-block-heading\" id=\"constipacao-e-aumento-de-gases\">Constipa\u00e7\u00e3o e aumento de gases<\/h3>\n\n\n\n<p>Devido \u00e0s altera\u00e7\u00f5es hormonais, o intestino tamb\u00e9m \u00e9 afetado pela gesta\u00e7\u00e3o. Sendo assim, desde as fases mais iniciais, muitas mulheres podem apresentar quadros de pris\u00e3o de ventre. Como consequ\u00eancia, \u00e9 bem comum que as gestantes experimentem tamb\u00e9m um aumento dos gases intestinais durante a gesta\u00e7\u00e3o.<\/p>\n\n\n\n<h3 class=\"wp-block-heading\" class=\"wp-block-heading\" id=\"variacoes-no-humor\">Varia\u00e7\u00f5es no humor<\/h3>\n\n\n\n<p>As grandes concentra\u00e7\u00f5es de horm\u00f4nios que acontecem na gravidez podem causar tamb\u00e9m altera\u00e7\u00f5es de humor nas gestantes. Nesse sentido, especialmente no in\u00edcio da gesta\u00e7\u00e3o, a mulher fica mais emotiva, pode ter crises de choro e ansiedade, al\u00e9m de altos e baixos no humor.&nbsp;<\/p>\n\n\n\n<h2 class=\"wp-block-heading\" class=\"wp-block-heading\" id=\"os-sintomas-da-gravidez-sao-os-mesmos-para-todas-as-mulheres\">Os sintomas da gravidez s\u00e3o os mesmos para todas as mulheres?<\/h2>\n\n\n\n<p>Os sintomas da gravidez n\u00e3o s\u00e3o iguais para todas as mulheres, inclusive algumas gr\u00e1vidas podem n\u00e3o apresentar nenhum sinal de que est\u00e3o gestantes, al\u00e9m do atraso menstrual.&nbsp;<\/p>\n\n\n\n<p>Esta varia\u00e7\u00e3o acontece porque a sensibilidade de cada pessoa \u00e0s mudan\u00e7as hormonais s\u00e3o diferentes. Nesse sentido, caracter\u00edsticas corporais e estilo de vida de cada gr\u00e1vida acabam interferindo na forma e na intensidade com que os sintomas se manifestam.<\/p>\n\n\n\n<p>Al\u00e9m disso, uma mesma m\u00e3e pode apresentar sintomas bem diferentes na sua primeira e segunda gravidez. E, ainda que os sinais se repitam, h\u00e1 chances das manifesta\u00e7\u00f5es variarem em frequ\u00eancia, for\u00e7a, \u00e9poca do surgimento e dura\u00e7\u00e3o.&nbsp;<\/p>\n\n\n\n<p>Sendo assim, vale destacar tamb\u00e9m que muitos sintomas iniciais da gesta\u00e7\u00e3o se parecem com desconfortos pr\u00e9-menstruais, o que causa certa confus\u00e3o. Dessa forma, algumas mulheres s\u00f3 se d\u00e3o conta de que est\u00e3o gr\u00e1vidas depois de v\u00e1rias semanas de gesta\u00e7\u00e3o.<\/p>\n\n\n\n<h2 class=\"wp-block-heading\" class=\"wp-block-heading\" id=\"como-confirmar-uma-gravidez\">Como confirmar uma gravidez?<\/h2>\n\n\n\n<p>As mulheres que est\u00e3o com atraso na menstrua\u00e7\u00e3o podem confirmar a gesta\u00e7\u00e3o atrav\u00e9s dos <a href=\"https:\/\/www.mdsaude.com\/gravidez\/diagnostico-teste-de-gravidez\/\" target=\"_blank\" rel=\"noreferrer noopener\">exames de g<\/a><a href=\"https:\/\/nilofrantz.com.br\/site26\/teste-de-gravidez\/\" target=\"_blank\" rel=\"noreferrer noopener\">r<\/a><a href=\"https:\/\/www.mdsaude.com\/gravidez\/diagnostico-teste-de-gravidez\/\" target=\"_blank\" rel=\"noreferrer noopener\">avidez<\/a>. Nesse sentido, o diagn\u00f3stico \u00e9 feito habitualmente atrav\u00e9s de an\u00e1lises laboratoriais, tanto na urina como no sangue. <\/p>\n\n\n\n<p>O m\u00e9todo mais confi\u00e1vel \u00e9 a dosagem sangu\u00ednea de um horm\u00f4nio chamado <a href=\"https:\/\/www.minhavida.com.br\/saude\/tudo-sobre\/21074-beta-hcg\">beta hCG<\/a>. Dessa maneira, os exames mais modernos conseguem detectar o horm\u00f4nio at\u00e9 1 semana antes do atraso menstrual. Por\u00e9m, para evitar a ocorr\u00eancia de falso-negativos, o mais seguro \u00e9 realizar o teste ap\u00f3s a menstrua\u00e7\u00e3o ter atrasado.<\/p>\n\n\n\n<p>Al\u00e9m disso, existem os testes de gravidez vendidos em farm\u00e1cias, que detectam a presen\u00e7a do BhCG na urina. Dessa forma, basta a mulher urinar em uma das fitas reativas e esperar para ver se h\u00e1 rea\u00e7\u00e3o ou n\u00e3o. Nesse sentido, como as concentra\u00e7\u00f5es de beta hCG na urina s\u00e3o menores que no sangue, os testes de gravidez de farm\u00e1cia demoram um pouco mais para ficarem positivos. Sendo assim, ap\u00f3s uma semana de atraso menstrual, a sensibilidade dos testes de farm\u00e1cia supera os 99%.<\/p>\n\n\n\n<h2 class=\"wp-block-heading\" class=\"wp-block-heading\" id=\"quais-sao-os-tipos-de-gravidez\">Quais s\u00e3o os tipos de gravidez?<\/h2>\n\n\n\n<p>A gravidez \u00e9 um momento m\u00e1gico na vida das mulheres e suas fam\u00edlias, afinal, um novo indiv\u00edduo est\u00e1 sendo gerado. Portanto, \u00e9 uma fase de muitas mudan\u00e7as fisiol\u00f3gicas e emocionais que merece muito cuidado e aten\u00e7\u00e3o. Por isso, assim que que a gravidez \u00e9 confirmada, a gestante deve procurar um m\u00e9dico para receber as primeiras orienta\u00e7\u00f5es, e saber qual tipo de gravidez ela vai vivenciar nos pr\u00f3ximos 9 meses.<\/p>\n\n\n\n<p>Existem diferentes formas de classificar uma gravidez, e os crit\u00e9rios mais utilizados s\u00e3o :<\/p>\n\n\n\n<div class=\"wp-block-image\"><figure class=\"aligncenter\"><img decoding=\"async\" src=\"https:\/\/lh4.googleusercontent.com\/bqrESYhR368JPNAvKsy6QS8TS7nWo_SHd9-DSnfx_D3gEj15xQYoT58JvO89CEvjo_LxJzdw0FQ5lNW_kwoTLVetgd3Ua17531mwDwWV5j7-6rk2EsyK--1nW-FgyejswarnBi40\" alt=\"Crit\u00e9rios para classificar uma gravidez\"\/><\/figure><\/div>\n\n\n\n<h3 class=\"wp-block-heading\" class=\"wp-block-heading\" id=\"local-de-implantacao-do-embriao\">Local de implanta\u00e7\u00e3o do embri\u00e3o<\/h3>\n\n\n\n<p>A fecunda\u00e7\u00e3o do \u00f3vulo normalmente ocorre nas tubas uterinas, e o embri\u00e3o migra para o \u00fatero por volta do 7\u00ba dia de desenvolvimento onde deve ser implantado. No entanto, a implanta\u00e7\u00e3o pode ocorrer de 2 formas, classificando a gravidez em:<\/p>\n\n\n\n<ul class=\"wp-block-list\"><li><strong>Gravidez t\u00f3pica:<\/strong> ocorre quando o \u00f3vulo fertilizado \u00e9 implantado corretamente dentro do \u00fatero e se desenvolve normalmente. Tamb\u00e9m chamada de gravidez intrauterina, \u00e9 o tipo de gravidez mais comum.<\/li><li><strong><a href=\"https:\/\/nilofrantz.com.br\/site26\/gravidez-ectopica\/\" target=\"_blank\" rel=\"noreferrer noopener\">Gravidez ect\u00f3pica<\/a>:<\/strong> quando a implanta\u00e7\u00e3o do embri\u00e3o ocorre fora do \u00fatero. Ela \u00e9 causada por complica\u00e7\u00f5es durante a descida do embri\u00e3o pela<a href=\"https:\/\/nilofrantz.com.br\/site26\/trompas-de-falopio\/\"> Trompa de Fal\u00f3pio<\/a> que n\u00e3o consegue chegar ao \u00fatero. Desta forma, o embri\u00e3o \u00e9 implantado em um local inadequado,mais comumente na trompa, o que n\u00e3o permite seu desenvolvimento. Tamb\u00e9m chamada de gravidez extrauterina, \u00e9 muito arriscada para a vida da m\u00e3e e n\u00e3o oferece nenhuma possibilidade para o feto. Desta forma, se n\u00e3o houver aborto espont\u00e2neo, o m\u00e9dico geralmente recomenda a interrup\u00e7\u00e3o da gesta\u00e7\u00e3o.<\/li><\/ul>\n\n\n\n<h3 class=\"wp-block-heading\" class=\"wp-block-heading\" id=\"numero-de-embrioes-fixados-no-utero\">N\u00famero de embri\u00f5es fixados no \u00fatero<\/h3>\n\n\n\n<p>Outra forma de classificar uma gravidez se refere ao n\u00famero de embri\u00f5es que s\u00e3o implantados no \u00fatero:<\/p>\n\n\n\n<ul class=\"wp-block-list\"><li><strong>Gravidez \u00fanica:<\/strong> apenas um embri\u00e3o implantado no \u00fatero, e em desenvolvimento;<\/li><li><a href=\"https:\/\/brasilescola.uol.com.br\/biologia\/gemeos.htm\"><strong>Gravidez m\u00faltipla<\/strong><\/a><strong> (gemelar):<\/strong> ocorre quando dois ou mais embri\u00f5es se desenvolvem no \u00fatero. Desta forma, a gravidez pode ser de G\u00eameos Dizig\u00f3ticos (Bivitelinos), quando h\u00e1 duas placentas e duas bolsas amni\u00f3tica, ou G\u00eameos Monozig\u00f3ticos (Univitelinos), g\u00eameos id\u00eanticos que dividem a mesma placenta.&nbsp;<\/li><\/ul>\n\n\n\n<h3 class=\"wp-block-heading\" class=\"wp-block-heading\" id=\"risco-de-complicacoes-para-a-mae-e-para-o-bebe\">Risco de complica\u00e7\u00f5es para a m\u00e3e e para o beb\u00ea<\/h3>\n\n\n\n<p>A terceira classifica\u00e7\u00e3o do tipo de gravidez diz respeito ao grau de risco gestacional, tanto para a futura m\u00e3e quanto para o beb\u00ea.<\/p>\n\n\n\n<ul class=\"wp-block-list\"><li><strong>Gravidez de risco habitual:<\/strong> ocorre sem intercorr\u00eancias graves, e n\u00e3o h\u00e1 risco iminente previsto no pr\u00e9-natal.<\/li><li><strong>Gravidez de alto risco:<\/strong> quando doen\u00e7as maternas pr\u00e9vias ou adquiridas durante a gesta\u00e7\u00e3o, como press\u00e3o alta e diabetes, podem colocar m\u00e3e e feto em risco. Nesses casos, o pr\u00e9-natal deve ser especialmente criterioso para monitorar a evolu\u00e7\u00e3o da gravidez, bem como a sa\u00fade e seguran\u00e7a da m\u00e3e e do beb\u00ea.<\/li><\/ul>\n\n\n\n<h2 class=\"wp-block-heading\" class=\"wp-block-heading\" id=\"gravidez-conheca-as-principais-complicacoes-que-existem\">Gravidez: conhe\u00e7a as principais complica\u00e7\u00f5es que existem<\/h2>\n\n\n\n<p>Toda mulher que engravida espera ter uma gesta\u00e7\u00e3o tranquila e saud\u00e1vel; contudo, algumas complica\u00e7\u00f5es podem surgir ao longo dos 9 meses de gesta\u00e7\u00e3o. Nesse sentido, as gr\u00e1vidas com problemas de sa\u00fade ou que n\u00e3o seguem corretamente o <a href=\"https:\/\/www.tuasaude.com\/pre-natal\/\">pr\u00e9-natal<\/a> apresentam maior risco.<\/p>\n\n\n\n<p>Por\u00e9m, embora as complica\u00e7\u00f5es da gravidez geralmente sejam leves, algumas podem ser graves e prejudicar a sa\u00fade da m\u00e3e e do beb\u00ea. Dessa forma, \u00e9 preciso estar sempre atento e ter acompanhamento m\u00e9dico durante toda evolu\u00e7\u00e3o da gesta\u00e7\u00e3o.<\/p>\n\n\n\n<p>Conhe\u00e7a algumas das principais complica\u00e7\u00f5es que ocorrem durante a gravidez:<\/p>\n\n\n\n<h3 class=\"wp-block-heading\" class=\"wp-block-heading\" id=\"ameaca-de-parto-prematuro\">Amea\u00e7a de parto prematuro<\/h3>\n\n\n\n<p>O nascimento de beb\u00eas prematuros ocorre com certa frequ\u00eancia e, na maioria das vezes, n\u00e3o gera grandes preocupa\u00e7\u00f5es. Por\u00e9m, quando a gestante apresenta contra\u00e7\u00f5es antes da 37\u00aa semana e corrimento gelatinoso, com ou sem vest\u00edgios de sangue, pode indicar uma complica\u00e7\u00e3o. <\/p>\n\n\n\n<p>Nesse sentido, partos que acontecem antes da hora t\u00eam origem em anomalias uterinas, desnutri\u00e7\u00e3o, doen\u00e7as da m\u00e3e, infec\u00e7\u00f5es, situa\u00e7\u00f5es de estresse, esfor\u00e7o f\u00edsico demasiado, al\u00e9m de outras causas desconhecidas.&nbsp;<\/p>\n\n\n\n<h3 class=\"wp-block-heading\" class=\"wp-block-heading\" id=\"anemia-ferropriva-na-gravidez\">Anemia ferropriva na gravidez<\/h3>\n\n\n\n<p>A <a href=\"https:\/\/www.minhavida.com.br\/saude\/temas\/anemia-ferropriva\">anemia ferropriva,<\/a> causada por defici\u00eancia de ferro, \u00e9 uma das complica\u00e7\u00f5es mais comuns da gravidez e, dependendo da gravidade, pode significar preju\u00edzo para m\u00e3e e\/ou feto. <\/p>\n\n\n\n<p>Nesse sentido, \u00e9 causada pelo baixo consumo de alimentos ricos em ferro, ou por problemas de m\u00e1 absor\u00e7\u00e3o de ferro no intestino. Seus sintomas s\u00e3o cansa\u00e7o f\u00e1cil, dor de cabe\u00e7a e fraqueza.<\/p>\n\n\n\n<h3 class=\"wp-block-heading\" class=\"wp-block-heading\" id=\"diabetes-gestacional\">Diabetes gestacional<\/h3>\n\n\n\n<p>Muitas mulheres desenvolvem <a href=\"https:\/\/www.minhavida.com.br\/saude\/temas\/diabetes-gestacional\">diabetes gestacional,<\/a> at\u00e9 mesmo aquelas que n\u00e3o tinham diabetes antes da gravidez.<\/p>\n\n\n\n<p>Mulheres que t\u00eam aumento da insulina antes da gravidez, t\u00eam mais risco de desenvolver diabetes gestacional. Nesse caso, a gr\u00e1vida deve fazer mudan\u00e7as na dieta, al\u00e9m de exerc\u00edcios f\u00edsicos para permanecer saud\u00e1vel e com n\u00edveis de a\u00e7\u00facar est\u00e1veis.&nbsp;<\/p>\n\n\n\n<h3 class=\"wp-block-heading\" class=\"wp-block-heading\" id=\"pre-eclampsia\">Pr\u00e9-ecl\u00e2mpsia<\/h3>\n\n\n\n<p>A <a href=\"https:\/\/www.mdsaude.com\/gravidez\/eclampsia-e-pre-eclampsia\/\">pr\u00e9-ecl\u00e2mpsia<\/a> \u00e9 a hipertens\u00e3o arterial desenvolvida na gravidez. Neste sentido, ocorre pois a placenta gera subst\u00e2ncias que entopem as art\u00e9rias, causando press\u00e3o alta, acima de 140\/90 mmHg, incha\u00e7o na face, m\u00e3os e p\u00e9s, e uma quantidade excessiva de prote\u00edna na urina.&nbsp;<\/p>\n\n\n\n<p>Os sintomas podem se manifestar principalmente ap\u00f3s a 20\u00aa semana de gesta\u00e7\u00e3o, no parto ou ap\u00f3s o parto. Sendo assim, algumas condi\u00e7\u00f5es aumentam o risco de desenvolver pr\u00e9-ecl\u00e2mpsia, como: mulheres com mais de 35 anos ou menos de 17 anos, diab\u00e9ticas, obesas, gravidez de g\u00eameos, hist\u00f3rico de doen\u00e7a renal, hipertens\u00e3o ou pr\u00e9-ecl\u00e2mpsia anterior.<\/p>\n\n\n\n<h3 class=\"wp-block-heading\" class=\"wp-block-heading\" id=\"placenta-previa\">Placenta pr\u00e9via<\/h3>\n\n\n\n<p>Ter <a href=\"https:\/\/www.minhavida.com.br\/saude\/temas\/placenta-previa\">placenta pr\u00e9via<\/a> significa que ela n\u00e3o est\u00e1 bem posicionada, ou seja, que se encontra em posi\u00e7\u00e3o muito baixa no \u00fatero. Isso acontece quando a placenta recobre parcial ou totalmente a abertura do colo do \u00fatero, impossibilitando o trabalho de parto normal. Dessa forma, se a posi\u00e7\u00e3o persistir at\u00e9 o final da gesta\u00e7\u00e3o, a m\u00e3e pode sangrar ou ter um parto prematuro.<\/p>\n\n\n\n<h3 class=\"wp-block-heading\" class=\"wp-block-heading\" id=\"oligoidramnio-ou-pouco-liquido-amniotico\">Oligoidr\u00e2mnio ou pouco l\u00edquido amni\u00f3tico<\/h3>\n\n\n\n<p>A bolsa amni\u00f3tica \u00e9 respons\u00e1vel por proteger o feto e ajudar no seu desenvolvimento durante toda a gesta\u00e7\u00e3o. Nesse sentido, o quadro de <a href=\"https:\/\/soumamae.com.br\/o-que-e-oligoidramnio-e-quais-sao-suas-complicacoes\/\">Oligoidr\u00e2mnio<\/a> acontece quando os n\u00edveis do l\u00edquido amni\u00f3tico est\u00e3o baixos, com volume insuficiente, e pode causar complica\u00e7\u00f5es para a m\u00e3e e para o beb\u00ea.&nbsp;<\/p>\n\n\n\n<p>Dessa forma, o m\u00e9dico que acompanha a gesta\u00e7\u00e3o verifica se essa anomalia se manifesta em algum momento do processo de gesta\u00e7\u00e3o. No caso de detect\u00e1-la no final da gravidez, provavelmente induzir\u00e1 o parto.<\/p>\n\n\n\n<h3 class=\"wp-block-heading\" class=\"wp-block-heading\" id=\"reducao-dos-movimentos-do-bebe\">Redu\u00e7\u00e3o dos movimentos do beb\u00ea<\/h3>\n\n\n\n<p>Os beb\u00eas come\u00e7am a se movimentar pela 7\u00aa ou 8 semana da gravidez; por\u00e9m, muitas vezes, as m\u00e3es nem percebem, pois eles ainda s\u00e3o muito pequenos. Dessa maneira, as gestantes sentem os primeiros movimentos a partir da 18\u00aa semana, que se tornam mais percept\u00edveis por volta da 20\u00aa. Perto da 28\u00aa semana, a gestante j\u00e1 consegue ter uma ideia do padr\u00e3o normal de movimentos do seu beb\u00ea.<\/p>\n\n\n\n<p>Nesse sentido, \u00e9 preciso estar atenta: uma queda s\u00fabita nos movimentos fetais pode indicar complica\u00e7\u00f5es na gravidez e aumento do risco de morte para o beb\u00ea. Sendo assim, cerca de 1 em cada 4 gravidezes que evoluem com redu\u00e7\u00e3o dos movimentos fetais apresenta um dos seguintes problemas:<\/p>\n\n\n\n<ul class=\"wp-block-list\"><li>Restri\u00e7\u00e3o do crescimento fetal;<\/li><li>Feto com pequeno tamanho para a idade gestacional;<\/li><li>Insufici\u00eancia placent\u00e1ria;<\/li><li>Oligoidramnio (defici\u00eancia de l\u00edquido amni\u00f3tico);<\/li><li>Amea\u00e7a de trabalho de parto prematuro;<\/li><li>Infec\u00e7\u00f5es intra-uterinas.<\/li><\/ul>\n\n\n\n<h2 class=\"wp-block-heading\" class=\"wp-block-heading\" id=\"gravidez-e-o-pre-natal\">Gravidez e o pr\u00e9-natal<\/h2>\n\n\n\n<p>O pr\u00e9-natal \u00e9 o acompanhamento m\u00e9dico da gestante ao longo de toda gravidez, e deve iniciar assim que a mulher descobre que est\u00e1 gr\u00e1vida.&nbsp;<\/p>\n\n\n\n<p>Na primeira consulta, o doutor identifica a idade gestacional, a classifica\u00e7\u00e3o de risco da gravidez e calcula a data prov\u00e1vel do parto. A partir da\u00ed, as visitas ao profissional da sa\u00fade acontecem 1 vez por m\u00eas, at\u00e9 a 28\u00ba semana de gesta\u00e7\u00e3o. Da 28\u00aa at\u00e9 a 36\u00aa semana, as consultas s\u00e3o de 15 em 15 dias e, a partir da 37\u00aa semana de gravidez, os encontros passam a ser semanais.&nbsp;<\/p>\n\n\n\n<p>Dessa forma, o m\u00e9dico pode avaliar periodicamente a evolu\u00e7\u00e3o da gravidez, esclarecer d\u00favidas e pedir os <a href=\"https:\/\/nilofrantz.com.br\/site26\/exames-gestacionais\/\">exames <\/a>espec\u00edficos de cada fase da gesta\u00e7\u00e3o para verificar se est\u00e1 tudo bem com a m\u00e3e e com o beb\u00ea.<\/p>\n\n\n\n<p>Durante cada cada consulta do pr\u00e9-natal, o enfermeiro ou o m\u00e9dico verificam:<\/p>\n\n\n\n<ul class=\"wp-block-list\"><li>O peso;<\/li><li>A press\u00e3o sangu\u00ednea;<\/li><li>Sinais de incha\u00e7o das pernas e dos p\u00e9s;<\/li><li>A altura uterina, medindo a barriga verticalmente;<\/li><li>Os batimentos card\u00edacos fetais.<\/li><\/ul>\n\n\n\n<p>Al\u00e9m disso, os encontros do pr\u00e9-natal servem tamb\u00e9m para falar sobre os inc\u00f4modos que a gr\u00e1vida possa estar sentindo, como azia, dor abdominal, c\u00f3lica, dificuldade para respirar, sangramento das gengivas, entre outras. Al\u00e9m disso, o m\u00e9dico confere o boletim de vacina\u00e7\u00e3o e orienta a gr\u00e1vida sobre amamenta\u00e7\u00e3o.<\/p>\n\n\n\n<h3 class=\"wp-block-heading\" class=\"wp-block-heading\" id=\"exames-realizados-no-pre-natal\">Exames realizados no pr\u00e9-Natal<\/h3>\n\n\n\n<p>O pr\u00e9-natal possibilita o acompanhamento da gr\u00e1vida durante os 9 meses de gravidez. Nesse sentido, em cada uma das fases da gesta\u00e7\u00e3o, o m\u00e9dico solicita exames espec\u00edficos para avaliar a sa\u00fade e a seguran\u00e7a da m\u00e3e e do beb\u00ea.&nbsp;<\/p>\n\n\n\n<p>Conhe\u00e7a alguns dos exames que fazem parte da rotina do pr\u00e9-natal, pedidos pelo m\u00e9dico de fam\u00edlia ou obstetra:<\/p>\n\n\n\n<ul class=\"wp-block-list\"><li>Ultrassonografia;<\/li><li>Hemograma completo;<\/li><li>Bacterioscopia do conte\u00fado vaginal;<\/li><li>Glicemia de jejum;<\/li><li>Exame para saber o tipo sangu\u00edneo, sistema ABO e o fator Rh;<\/li><li>HIV: v\u00edrus da imunodefici\u00eancia humana;<\/li><li>Sorologia para rub\u00e9ola;<\/li><li>Sorologia para toxoplasmose;<\/li><li>VDRL para s\u00edfilis;<\/li><li>Sorologia para hepatite B e C;<\/li><li>Sorologia para citomegalov\u00edrus;<\/li><li>Urina, para saber se est\u00e1 com infec\u00e7\u00e3o urin\u00e1ria.<\/li><\/ul>\n\n\n\n<p>Gravidez \u00e9 mesmo uma fase m\u00e1gica que envolve n\u00e3o apenas a gestante, mas toda a fam\u00edlia na expectativa pela chegada do beb\u00ea. Se voc\u00ea quer saber mais sobre esse assunto e conhecer como a reprodu\u00e7\u00e3o assistida ajuda muitos casais a realizarem o sonho de ter um filho, voc\u00ea pode acessar gratuitamente o nosso e-book: Reprodu\u00e7\u00e3o Assistida \u2013 Os tratamentos que geram novas possibilidades para a vida. Basta clicar na imagem abaixo.<\/p>\n\n\n\n<div class=\"wp-block-image\"><figure class=\"aligncenter size-large\"><a href=\"https:\/\/nilofrantz.rds.land\/ebook-reproducao-assistida-tratamentos-que-geram-novas-possibilidades-para-vida?utm_source=ebook&amp;utm_medium=bt-cta&amp;utm_campaign=ebook-reproducao-assistida-tratamentos-que-geram-novas-possibilidades-para-vida\"><img decoding=\"async\" src=\"https:\/\/nilofrantz.com.br\/site26\/wp-content\/uploads\/2019\/06\/cta-site-Nilo-Frantz-Reprodu\u00e7\u00e3o-assistida-1024x508.png\" alt=\"Reprodu\u00e7\u00e3o Assistida - Os tratamentos que geram novas possibilidades para a vida\" class=\"wp-image-383\"\/><\/a><\/figure><\/div>\n","protected":false},"excerpt":{"rendered":"<p>A gravidez \u00e9 o per\u00edodo que dura cerca de 40 semanas (280 dias) em que uma mulher gesta um beb\u00ea. Nesse sentido, \u00e9 o resultado da fecunda\u00e7\u00e3o de um \u00f3vulo (gameta feminino) por um espermatozoide (gameta masculino), formando o embri\u00e3o, e a sua posterior fixa\u00e7\u00e3o no \u00fatero materno.&nbsp; Quando ocorre a fecunda\u00e7\u00e3o do \u00f3vulo, ele [&hellip;]<\/p>\n","protected":false},"author":12,"featured_media":7894,"comment_status":"open","ping_status":"open","sticky":false,"template":"","format":"standard","meta":{"_acf_changed":false,"footnotes":""},"categories":[17],"tags":[],"class_list":["post-1010","post","type-post","status-publish","format-standard","has-post-thumbnail","hentry","category-tratamentos"],"acf":[],"_links":{"self":[{"href":"https:\/\/nilofrantz.com.br\/site26\/wp-json\/wp\/v2\/posts\/1010","targetHints":{"allow":["GET"]}}],"collection":[{"href":"https:\/\/nilofrantz.com.br\/site26\/wp-json\/wp\/v2\/posts"}],"about":[{"href":"https:\/\/nilofrantz.com.br\/site26\/wp-json\/wp\/v2\/types\/post"}],"author":[{"embeddable":true,"href":"https:\/\/nilofrantz.com.br\/site26\/wp-json\/wp\/v2\/users\/12"}],"replies":[{"embeddable":true,"href":"https:\/\/nilofrantz.com.br\/site26\/wp-json\/wp\/v2\/comments?post=1010"}],"version-history":[{"count":0,"href":"https:\/\/nilofrantz.com.br\/site26\/wp-json\/wp\/v2\/posts\/1010\/revisions"}],"wp:featuredmedia":[{"embeddable":true,"href":"https:\/\/nilofrantz.com.br\/site26\/wp-json\/wp\/v2\/media\/7894"}],"wp:attachment":[{"href":"https:\/\/nilofrantz.com.br\/site26\/wp-json\/wp\/v2\/media?parent=1010"}],"wp:term":[{"taxonomy":"category","embeddable":true,"href":"https:\/\/nilofrantz.com.br\/site26\/wp-json\/wp\/v2\/categories?post=1010"},{"taxonomy":"post_tag","embeddable":true,"href":"https:\/\/nilofrantz.com.br\/site26\/wp-json\/wp\/v2\/tags?post=1010"}],"curies":[{"name":"wp","href":"https:\/\/api.w.org\/{rel}","templated":true}]}}